{"id":4364,"date":"2018-08-03T21:05:38","date_gmt":"2018-08-03T21:05:38","guid":{"rendered":"https:\/\/forestoffices.hu\/?p=4364"},"modified":"2023-08-06T10:38:52","modified_gmt":"2023-08-06T10:38:52","slug":"palyazati-felhivas-etterem-es-kavezo-uzemeltetesere","status":"publish","type":"post","link":"https:\/\/forestcenter.hu\/en\/palyazati-felhivas-etterem-es-kavezo-uzemeltetesere\/","title":{"rendered":"P\u00e1ly\u00e1zati felh\u00edv\u00e1s \u00e9tterem \u00e9s k\u00e1v\u00e9z\u00f3 \u00fczemeltet\u00e9s\u00e9re"},"content":{"rendered":"<div class=\"wpb-content-wrapper\"><p>[:hu]<div class=\"vc_row wpb_row vc_row-fluid\"><div class=\"wpb_column vc_column_container vc_col-sm-12\"><div class=\"vc_column-inner\"><div class=\"wpb_wrapper\">\n\t<div class=\"wpb_text_column wpb_content_element\" >\n\t\t<div class=\"wpb_wrapper\">\n\t\t\t<p>A Forest Offices Debrecen Kft. ny\u00edlt p\u00e1ly\u00e1zatot hirdet a Forest Offices Debrecen irodah\u00e1zban tal\u00e1lhat\u00f3 konyha\u00fczem-\u00e9tterem helyis\u00e9gcsoport, valamint k\u00e1v\u00e9z\u00f3-b\u00fcf\u00e9 k\u00fcl\u00f6n-k\u00fcl\u00f6n vagy egy\u00fcttes \u00fczemeltet\u00e9si k\u00f6telezetts\u00e9ggel j\u00e1r\u00f3 b\u00e9rbead\u00e1sa t\u00e1rgy\u00e1ban.<\/p>\n<p>Az aj\u00e1nlatt\u00e9tel felt\u00e9tele, hogy az Aj\u00e1nlattev\u0151 legk\u00e9s\u0151bb a p\u00e1ly\u00e1zat lead\u00e1si hat\u00e1ridej\u00e9t megel\u0151z\u0151 5. napig a r\u00e9szv\u00e9teli sz\u00e1nd\u00e9k\u00e1t az <a href=\"mailto:ertekesites@forestoffices.hu\">ertekesites@forestoffices.hu<\/a> e-mail c\u00edmen jelezze.<\/p>\n<p><strong>P\u00e1ly\u00e1zat lead\u00e1si hat\u00e1rideje: 2018, augusztus 24. 12 \u00f3ra, 00 perc<\/strong><\/p>\n<p>Az Aj\u00e1nlatk\u00e9r\u0151 az ig\u00e9ny be\u00e9rkez\u00e9s\u00e9t k\u00f6vet\u0151en az P\u00e1ly\u00e1zati felh\u00edv\u00e1st t\u00e9r\u00edt\u00e9s n\u00e9lk\u00fcl az Aj\u00e1nlattev\u0151k rendelkez\u00e9s\u00e9re bocs\u00e1jtja.<\/p>\n\n\t\t<\/div>\n\t<\/div>\n<\/div><\/div><\/div><\/div>[:]<\/p>\n<\/div>","protected":false},"excerpt":{"rendered":"<p>&#8230;<\/p>","protected":false},"author":1,"featured_media":4349,"comment_status":"closed","ping_status":"closed","sticky":false,"template":"","format":"standard","meta":{"footnotes":""},"categories":[62],"tags":[],"class_list":["post-4364","post","type-post","status-publish","format-standard","has-post-thumbnail","hentry","category-kozlemenyek"],"yoast_head":"<!-- This site is optimized with the Yoast SEO Premium plugin v27.4 (Yoast SEO v27.4) - https:\/\/yoast.com\/product\/yoast-seo-premium-wordpress\/ -->\n<title>P\u00e1ly\u00e1zati felh\u00edv\u00e1s \u00e9tterem \u00e9s k\u00e1v\u00e9z\u00f3 \u00fczemeltet\u00e9s\u00e9re - Forest Center Debrecen<\/title>\n<meta name=\"robots\" content=\"index, follow, max-snippet:-1, max-image-preview:large, max-video-preview:-1\" \/>\n<link rel=\"canonical\" href=\"https:\/\/forestcenter.hu\/en\/palyazati-felhivas-etterem-es-kavezo-uzemeltetesere\/\" \/>\n<meta property=\"og:locale\" content=\"en_GB\" \/>\n<meta property=\"og:type\" content=\"article\" \/>\n<meta property=\"og:title\" content=\"P\u00e1ly\u00e1zati felh\u00edv\u00e1s \u00e9tterem \u00e9s k\u00e1v\u00e9z\u00f3 \u00fczemeltet\u00e9s\u00e9re\" \/>\n<meta property=\"og:description\" content=\"...\" \/>\n<meta property=\"og:url\" content=\"https:\/\/forestcenter.hu\/en\/palyazati-felhivas-etterem-es-kavezo-uzemeltetesere\/\" \/>\n<meta property=\"og:site_name\" content=\"Forest Center Debrecen\" \/>\n<meta property=\"article:publisher\" content=\"https:\/\/www.facebook.com\/profile.php?id=61565596522416\" \/>\n<meta property=\"article:published_time\" content=\"2018-08-03T21:05:38+00:00\" \/>\n<meta property=\"article:modified_time\" content=\"2023-08-06T10:38:52+00:00\" \/>\n<meta property=\"og:image\" content=\"https:\/\/forestcenter.hu\/wp-content\/uploads\/2018\/07\/180710-forest-offices-mj_1_3.jpg\" \/>\n\t<meta property=\"og:image:width\" content=\"900\" \/>\n\t<meta property=\"og:image:height\" content=\"450\" \/>\n\t<meta property=\"og:image:type\" content=\"image\/jpeg\" \/>\n<meta name=\"author\" content=\"forestcenter\" \/>\n<meta name=\"twitter:card\" content=\"summary_large_image\" \/>\n<meta name=\"twitter:label1\" content=\"Written by\" \/>\n\t<meta name=\"twitter:data1\" content=\"forestcenter\" \/>\n\t<meta name=\"twitter:label2\" content=\"Estimated reading time\" \/>\n\t<meta name=\"twitter:data2\" content=\"1 minute\" \/>\n<script type=\"application\/ld+json\" class=\"yoast-schema-graph\">{\"@context\":\"https:\\\/\\\/schema.org\",\"@graph\":[{\"@type\":\"Article\",\"@id\":\"https:\\\/\\\/forestcenter.hu\\\/palyazati-felhivas-etterem-es-kavezo-uzemeltetesere\\\/#article\",\"isPartOf\":{\"@id\":\"https:\\\/\\\/forestcenter.hu\\\/palyazati-felhivas-etterem-es-kavezo-uzemeltetesere\\\/\"},\"author\":{\"name\":\"forestcenter\",\"@id\":\"https:\\\/\\\/forestcenter.hu\\\/#\\\/schema\\\/person\\\/a5fe75787feea7d2f58ce873df28af2c\"},\"headline\":\"P\u00e1ly\u00e1zati felh\u00edv\u00e1s \u00e9tterem \u00e9s k\u00e1v\u00e9z\u00f3 \u00fczemeltet\u00e9s\u00e9re\",\"datePublished\":\"2018-08-03T21:05:38+00:00\",\"dateModified\":\"2023-08-06T10:38:52+00:00\",\"mainEntityOfPage\":{\"@id\":\"https:\\\/\\\/forestcenter.hu\\\/palyazati-felhivas-etterem-es-kavezo-uzemeltetesere\\\/\"},\"wordCount\":168,\"publisher\":{\"@id\":\"https:\\\/\\\/forestcenter.hu\\\/#organization\"},\"image\":{\"@id\":\"https:\\\/\\\/forestcenter.hu\\\/palyazati-felhivas-etterem-es-kavezo-uzemeltetesere\\\/#primaryimage\"},\"thumbnailUrl\":\"https:\\\/\\\/forestcenter.hu\\\/wp-content\\\/uploads\\\/2018\\\/07\\\/180710-forest-offices-mj_1_3.jpg\",\"articleSection\":[\"K\u00f6zlem\u00e9nyek\"],\"inLanguage\":\"en-GB\"},{\"@type\":\"WebPage\",\"@id\":\"https:\\\/\\\/forestcenter.hu\\\/palyazati-felhivas-etterem-es-kavezo-uzemeltetesere\\\/\",\"url\":\"https:\\\/\\\/forestcenter.hu\\\/palyazati-felhivas-etterem-es-kavezo-uzemeltetesere\\\/\",\"name\":\"P\u00e1ly\u00e1zati felh\u00edv\u00e1s \u00e9tterem \u00e9s k\u00e1v\u00e9z\u00f3 \u00fczemeltet\u00e9s\u00e9re - Forest Center Debrecen\",\"isPartOf\":{\"@id\":\"https:\\\/\\\/forestcenter.hu\\\/#website\"},\"primaryImageOfPage\":{\"@id\":\"https:\\\/\\\/forestcenter.hu\\\/palyazati-felhivas-etterem-es-kavezo-uzemeltetesere\\\/#primaryimage\"},\"image\":{\"@id\":\"https:\\\/\\\/forestcenter.hu\\\/palyazati-felhivas-etterem-es-kavezo-uzemeltetesere\\\/#primaryimage\"},\"thumbnailUrl\":\"https:\\\/\\\/forestcenter.hu\\\/wp-content\\\/uploads\\\/2018\\\/07\\\/180710-forest-offices-mj_1_3.jpg\",\"datePublished\":\"2018-08-03T21:05:38+00:00\",\"dateModified\":\"2023-08-06T10:38:52+00:00\",\"breadcrumb\":{\"@id\":\"https:\\\/\\\/forestcenter.hu\\\/palyazati-felhivas-etterem-es-kavezo-uzemeltetesere\\\/#breadcrumb\"},\"inLanguage\":\"en-GB\",\"potentialAction\":[{\"@type\":\"ReadAction\",\"target\":[\"https:\\\/\\\/forestcenter.hu\\\/palyazati-felhivas-etterem-es-kavezo-uzemeltetesere\\\/\"]}]},{\"@type\":\"ImageObject\",\"inLanguage\":\"en-GB\",\"@id\":\"https:\\\/\\\/forestcenter.hu\\\/palyazati-felhivas-etterem-es-kavezo-uzemeltetesere\\\/#primaryimage\",\"url\":\"https:\\\/\\\/forestcenter.hu\\\/wp-content\\\/uploads\\\/2018\\\/07\\\/180710-forest-offices-mj_1_3.jpg\",\"contentUrl\":\"https:\\\/\\\/forestcenter.hu\\\/wp-content\\\/uploads\\\/2018\\\/07\\\/180710-forest-offices-mj_1_3.jpg\",\"width\":900,\"height\":450},{\"@type\":\"BreadcrumbList\",\"@id\":\"https:\\\/\\\/forestcenter.hu\\\/palyazati-felhivas-etterem-es-kavezo-uzemeltetesere\\\/#breadcrumb\",\"itemListElement\":[{\"@type\":\"ListItem\",\"position\":1,\"name\":\"Home\",\"item\":\"https:\\\/\\\/forestcenter.hu\\\/\"},{\"@type\":\"ListItem\",\"position\":2,\"name\":\"P\u00e1ly\u00e1zati felh\u00edv\u00e1s \u00e9tterem \u00e9s k\u00e1v\u00e9z\u00f3 \u00fczemeltet\u00e9s\u00e9re\"}]},{\"@type\":\"WebSite\",\"@id\":\"https:\\\/\\\/forestcenter.hu\\\/#website\",\"url\":\"https:\\\/\\\/forestcenter.hu\\\/\",\"name\":\"Forest Center Debrecen\",\"description\":\"[:hu]Az A kateg\u00f3ri\u00e1s Forest Center Debrecen irodah\u00e1z modern megjelen\u00e9s\u00e9vel \u00e9s m\u0171szaki tartalm\u00e1val Debrecen \u00faj \u00fczleti k\u00f6zpontj\u00e1nak meghat\u00e1roz\u00f3 szerepl\u0151je lesz.[:en]A category office building with Leed Gold Certification will have an extravagant image with state of the art technical specification.[:]\",\"publisher\":{\"@id\":\"https:\\\/\\\/forestcenter.hu\\\/#organization\"},\"potentialAction\":[{\"@type\":\"SearchAction\",\"target\":{\"@type\":\"EntryPoint\",\"urlTemplate\":\"https:\\\/\\\/forestcenter.hu\\\/?s={search_term_string}\"},\"query-input\":{\"@type\":\"PropertyValueSpecification\",\"valueRequired\":true,\"valueName\":\"search_term_string\"}}],\"inLanguage\":\"en-GB\"},{\"@type\":\"Organization\",\"@id\":\"https:\\\/\\\/forestcenter.hu\\\/#organization\",\"name\":\"Forest Center Debrecen\",\"alternateName\":\"Forest Center\",\"url\":\"https:\\\/\\\/forestcenter.hu\\\/\",\"logo\":{\"@type\":\"ImageObject\",\"inLanguage\":\"en-GB\",\"@id\":\"https:\\\/\\\/forestcenter.hu\\\/#\\\/schema\\\/logo\\\/image\\\/\",\"url\":\"https:\\\/\\\/forestcenter.hu\\\/wp-content\\\/uploads\\\/2018\\\/03\\\/forest-logo220X132.png\",\"contentUrl\":\"https:\\\/\\\/forestcenter.hu\\\/wp-content\\\/uploads\\\/2018\\\/03\\\/forest-logo220X132.png\",\"width\":220,\"height\":132,\"caption\":\"Forest Center Debrecen\"},\"image\":{\"@id\":\"https:\\\/\\\/forestcenter.hu\\\/#\\\/schema\\\/logo\\\/image\\\/\"},\"sameAs\":[\"https:\\\/\\\/www.facebook.com\\\/profile.php?id=61565596522416\",\"https:\\\/\\\/www.linkedin.com\\\/company\\\/ud-forest-center\\\/\"],\"description\":\"UD Forest Center Kft. 4028 Debrecen, T\u00fcz\u00e9r utca 4.\",\"email\":\"info@udforest.hu\",\"telephone\":\"+36 30 379 7512\",\"legalName\":\"UD Forest Center Kft.\",\"taxID\":\"32194977-2-09\",\"numberOfEmployees\":{\"@type\":\"QuantitativeValue\",\"minValue\":\"11\",\"maxValue\":\"50\"}},{\"@type\":\"Person\",\"@id\":\"https:\\\/\\\/forestcenter.hu\\\/#\\\/schema\\\/person\\\/a5fe75787feea7d2f58ce873df28af2c\",\"name\":\"forestcenter\",\"url\":\"https:\\\/\\\/forestcenter.hu\\\/en\\\/author\\\/forestcenter\\\/\"}]}<\/script>\n<!-- \/ Yoast SEO Premium plugin. -->","yoast_head_json":{"title":"P\u00e1ly\u00e1zati felh\u00edv\u00e1s \u00e9tterem \u00e9s k\u00e1v\u00e9z\u00f3 \u00fczemeltet\u00e9s\u00e9re - Forest Center Debrecen","robots":{"index":"index","follow":"follow","max-snippet":"max-snippet:-1","max-image-preview":"max-image-preview:large","max-video-preview":"max-video-preview:-1"},"canonical":"https:\/\/forestcenter.hu\/en\/palyazati-felhivas-etterem-es-kavezo-uzemeltetesere\/","og_locale":"en_GB","og_type":"article","og_title":"P\u00e1ly\u00e1zati felh\u00edv\u00e1s \u00e9tterem \u00e9s k\u00e1v\u00e9z\u00f3 \u00fczemeltet\u00e9s\u00e9re","og_description":"...","og_url":"https:\/\/forestcenter.hu\/en\/palyazati-felhivas-etterem-es-kavezo-uzemeltetesere\/","og_site_name":"Forest Center Debrecen","article_publisher":"https:\/\/www.facebook.com\/profile.php?id=61565596522416","article_published_time":"2018-08-03T21:05:38+00:00","article_modified_time":"2023-08-06T10:38:52+00:00","og_image":[{"width":900,"height":450,"url":"https:\/\/forestcenter.hu\/wp-content\/uploads\/2018\/07\/180710-forest-offices-mj_1_3.jpg","type":"image\/jpeg"}],"author":"forestcenter","twitter_card":"summary_large_image","twitter_misc":{"Written by":"forestcenter","Estimated reading time":"1 minute"},"schema":{"@context":"https:\/\/schema.org","@graph":[{"@type":"Article","@id":"https:\/\/forestcenter.hu\/palyazati-felhivas-etterem-es-kavezo-uzemeltetesere\/#article","isPartOf":{"@id":"https:\/\/forestcenter.hu\/palyazati-felhivas-etterem-es-kavezo-uzemeltetesere\/"},"author":{"name":"forestcenter","@id":"https:\/\/forestcenter.hu\/#\/schema\/person\/a5fe75787feea7d2f58ce873df28af2c"},"headline":"P\u00e1ly\u00e1zati felh\u00edv\u00e1s \u00e9tterem \u00e9s k\u00e1v\u00e9z\u00f3 \u00fczemeltet\u00e9s\u00e9re","datePublished":"2018-08-03T21:05:38+00:00","dateModified":"2023-08-06T10:38:52+00:00","mainEntityOfPage":{"@id":"https:\/\/forestcenter.hu\/palyazati-felhivas-etterem-es-kavezo-uzemeltetesere\/"},"wordCount":168,"publisher":{"@id":"https:\/\/forestcenter.hu\/#organization"},"image":{"@id":"https:\/\/forestcenter.hu\/palyazati-felhivas-etterem-es-kavezo-uzemeltetesere\/#primaryimage"},"thumbnailUrl":"https:\/\/forestcenter.hu\/wp-content\/uploads\/2018\/07\/180710-forest-offices-mj_1_3.jpg","articleSection":["K\u00f6zlem\u00e9nyek"],"inLanguage":"en-GB"},{"@type":"WebPage","@id":"https:\/\/forestcenter.hu\/palyazati-felhivas-etterem-es-kavezo-uzemeltetesere\/","url":"https:\/\/forestcenter.hu\/palyazati-felhivas-etterem-es-kavezo-uzemeltetesere\/","name":"P\u00e1ly\u00e1zati felh\u00edv\u00e1s \u00e9tterem \u00e9s k\u00e1v\u00e9z\u00f3 \u00fczemeltet\u00e9s\u00e9re - Forest Center Debrecen","isPartOf":{"@id":"https:\/\/forestcenter.hu\/#website"},"primaryImageOfPage":{"@id":"https:\/\/forestcenter.hu\/palyazati-felhivas-etterem-es-kavezo-uzemeltetesere\/#primaryimage"},"image":{"@id":"https:\/\/forestcenter.hu\/palyazati-felhivas-etterem-es-kavezo-uzemeltetesere\/#primaryimage"},"thumbnailUrl":"https:\/\/forestcenter.hu\/wp-content\/uploads\/2018\/07\/180710-forest-offices-mj_1_3.jpg","datePublished":"2018-08-03T21:05:38+00:00","dateModified":"2023-08-06T10:38:52+00:00","breadcrumb":{"@id":"https:\/\/forestcenter.hu\/palyazati-felhivas-etterem-es-kavezo-uzemeltetesere\/#breadcrumb"},"inLanguage":"en-GB","potentialAction":[{"@type":"ReadAction","target":["https:\/\/forestcenter.hu\/palyazati-felhivas-etterem-es-kavezo-uzemeltetesere\/"]}]},{"@type":"ImageObject","inLanguage":"en-GB","@id":"https:\/\/forestcenter.hu\/palyazati-felhivas-etterem-es-kavezo-uzemeltetesere\/#primaryimage","url":"https:\/\/forestcenter.hu\/wp-content\/uploads\/2018\/07\/180710-forest-offices-mj_1_3.jpg","contentUrl":"https:\/\/forestcenter.hu\/wp-content\/uploads\/2018\/07\/180710-forest-offices-mj_1_3.jpg","width":900,"height":450},{"@type":"BreadcrumbList","@id":"https:\/\/forestcenter.hu\/palyazati-felhivas-etterem-es-kavezo-uzemeltetesere\/#breadcrumb","itemListElement":[{"@type":"ListItem","position":1,"name":"Home","item":"https:\/\/forestcenter.hu\/"},{"@type":"ListItem","position":2,"name":"P\u00e1ly\u00e1zati felh\u00edv\u00e1s \u00e9tterem \u00e9s k\u00e1v\u00e9z\u00f3 \u00fczemeltet\u00e9s\u00e9re"}]},{"@type":"WebSite","@id":"https:\/\/forestcenter.hu\/#website","url":"https:\/\/forestcenter.hu\/","name":"Forest Center Debrecen","description":"[:hu]Az A kateg\u00f3ri\u00e1s Forest Center Debrecen irodah\u00e1z modern megjelen\u00e9s\u00e9vel \u00e9s m\u0171szaki tartalm\u00e1val Debrecen \u00faj \u00fczleti k\u00f6zpontj\u00e1nak meghat\u00e1roz\u00f3 szerepl\u0151je lesz.[:en]A category office building with Leed Gold Certification will have an extravagant image with state of the art technical specification.[:]","publisher":{"@id":"https:\/\/forestcenter.hu\/#organization"},"potentialAction":[{"@type":"SearchAction","target":{"@type":"EntryPoint","urlTemplate":"https:\/\/forestcenter.hu\/?s={search_term_string}"},"query-input":{"@type":"PropertyValueSpecification","valueRequired":true,"valueName":"search_term_string"}}],"inLanguage":"en-GB"},{"@type":"Organization","@id":"https:\/\/forestcenter.hu\/#organization","name":"Forest Center Debrecen","alternateName":"Forest Center","url":"https:\/\/forestcenter.hu\/","logo":{"@type":"ImageObject","inLanguage":"en-GB","@id":"https:\/\/forestcenter.hu\/#\/schema\/logo\/image\/","url":"https:\/\/forestcenter.hu\/wp-content\/uploads\/2018\/03\/forest-logo220X132.png","contentUrl":"https:\/\/forestcenter.hu\/wp-content\/uploads\/2018\/03\/forest-logo220X132.png","width":220,"height":132,"caption":"Forest Center Debrecen"},"image":{"@id":"https:\/\/forestcenter.hu\/#\/schema\/logo\/image\/"},"sameAs":["https:\/\/www.facebook.com\/profile.php?id=61565596522416","https:\/\/www.linkedin.com\/company\/ud-forest-center\/"],"description":"UD Forest Center Kft. 4028 Debrecen, T\u00fcz\u00e9r utca 4.","email":"info@udforest.hu","telephone":"+36 30 379 7512","legalName":"UD Forest Center Kft.","taxID":"32194977-2-09","numberOfEmployees":{"@type":"QuantitativeValue","minValue":"11","maxValue":"50"}},{"@type":"Person","@id":"https:\/\/forestcenter.hu\/#\/schema\/person\/a5fe75787feea7d2f58ce873df28af2c","name":"forestcenter","url":"https:\/\/forestcenter.hu\/en\/author\/forestcenter\/"}]}},"_links":{"self":[{"href":"https:\/\/forestcenter.hu\/en\/wp-json\/wp\/v2\/posts\/4364","targetHints":{"allow":["GET"]}}],"collection":[{"href":"https:\/\/forestcenter.hu\/en\/wp-json\/wp\/v2\/posts"}],"about":[{"href":"https:\/\/forestcenter.hu\/en\/wp-json\/wp\/v2\/types\/post"}],"author":[{"embeddable":true,"href":"https:\/\/forestcenter.hu\/en\/wp-json\/wp\/v2\/users\/1"}],"replies":[{"embeddable":true,"href":"https:\/\/forestcenter.hu\/en\/wp-json\/wp\/v2\/comments?post=4364"}],"version-history":[{"count":0,"href":"https:\/\/forestcenter.hu\/en\/wp-json\/wp\/v2\/posts\/4364\/revisions"}],"wp:featuredmedia":[{"embeddable":true,"href":"https:\/\/forestcenter.hu\/en\/wp-json\/wp\/v2\/media\/4349"}],"wp:attachment":[{"href":"https:\/\/forestcenter.hu\/en\/wp-json\/wp\/v2\/media?parent=4364"}],"wp:term":[{"taxonomy":"category","embeddable":true,"href":"https:\/\/forestcenter.hu\/en\/wp-json\/wp\/v2\/categories?post=4364"},{"taxonomy":"post_tag","embeddable":true,"href":"https:\/\/forestcenter.hu\/en\/wp-json\/wp\/v2\/tags?post=4364"}],"curies":[{"name":"wp","href":"https:\/\/api.w.org\/{rel}","templated":true}]}}