{"id":4345,"date":"2018-07-11T06:07:32","date_gmt":"2018-07-11T06:07:32","guid":{"rendered":"https:\/\/forestoffices.hu\/?p=4345"},"modified":"2019-02-21T17:13:59","modified_gmt":"2019-02-21T17:13:59","slug":"hogy-all-a-forest-offices-debrecen-irodahaz-epitese-2018-07-10","status":"publish","type":"post","link":"https:\/\/forestcenter.hu\/en\/hogy-all-a-forest-offices-debrecen-irodahaz-epitese-2018-07-10\/","title":{"rendered":"Mutatjuk, hogy \u00e1ll a Forest Offices Debrecen irodah\u00e1z \u00e9p\u00edt\u00e9se"},"content":{"rendered":"<p><strong>Utols\u00f3 f\u00e1zis\u00e1ba \u00e9rkezett a Forest Offices Debrecen irodah\u00e1z \u00e9p\u00edt\u00e9se. A modern megjelen\u00e9s\u0171 komplexumot szinte napra pontosan egy \u00e9vvel ezel\u0151tt kezdt\u00e9k el \u00e9p\u00edteni a F\u0151nix Csarnok szomsz\u00e9ds\u00e1g\u00e1ban. Az A kateg\u00f3ri\u00e1s irodah\u00e1z harmad\u00e1ra m\u00e1r h\u00f3napokkal az \u00e1tad\u00e1s el\u0151tt tal\u00e1ltak b\u00e9rl\u0151t.<\/strong><\/p>\n<p>Utols\u00f3 szakasz\u00e1ba l\u00e9pett a Forrest Offices Debrecen irodah\u00e1z \u00e9p\u00edt\u00e9se. A F\u0151nix Csarnokkal szemben, a T\u00fcz\u00e9r utc\u00e1n tal\u00e1lhat\u00f3 komplexumot majdnem napra pontosan egy \u00e9vvel ezel\u0151tt kezdt\u00e9k \u00e9p\u00edteni az \u00daj F\u0151nix Terv r\u00e9szek\u00e9nt. A h\u00e1rom sz\u00e1rnyb\u00f3l \u00e1ll\u00f3 t\u00f6bb emeletes irodah\u00e1z 2500 munkahelyet \u00e9s csaknem 200 m\u00e9lygar\u00e1zsban tal\u00e1lhat\u00f3 parkol\u00f3helyet biztos\u00edt majd az itt dolgoz\u00f3knak.<\/p>\n<p><img decoding=\"async\" class=\"img-responsive\" src=\"http:\/\/www.dehir.hu\/upload\/images\/wp_cikkek\/2018\/180710-forest-offices--mj_1_3.jpg\" alt=\"Fot\u00f3kon \u00e9s vide\u00f3n mutatjuk, hogy \u00e1ll a Forest Offices Debrecen irodah\u00e1z \u00e9p\u00edt\u00e9se\" \/><\/p>\n<p class=\"text-center\"><strong>Fot\u00f3k: Miskolczi J\u00e1nos<\/strong><\/p>\n<p>&#8211; A befejez\u0151 munk\u00e1k elej\u00e9n j\u00e1runk, belecsapunk a nagy hajr\u00e1ba. Nagyon sokf\u00e9le szakma k\u00e9pvisel\u0151i dolgoznak a h\u00e1zon. Fel\u00fcl gipszkartonosok, burkol\u00f3k, villanyszerel\u0151k, g\u00e9p\u00e9szek, lakatosok. K\u00edv\u00fcl pedig a homlokzati ny\u00edl\u00e1sz\u00e1r\u00f3k be\u00e9p\u00edt\u00e9s\u00e9t, b\u00e1dogoz\u00e1si munk\u00e1kat v\u00e9gz\u00fcnk. Tet\u0151szigetel\u00e9s, tet\u0151r\u00e9tegrend k\u00e9sz\u00edt\u00e9s \u00e9s g\u00e9p\u00e9szeti szerel\u00e9sek a tet\u0151n, m\u00e9g ez, ami nagy volumen \u2013 sorolta Bencze Zolt\u00e1n, a Hun\u00e9p Universal Zrt. projektvezet\u0151je.<\/p>\n<hr \/>\n<div class=\"well\">\n<div class=\"row\">\n<div class=\"col-xs-12\">\n<div class=\"image-container\">\n<p><img decoding=\"async\" class=\"img-responsive img-thumbnail image\" src=\"http:\/\/www.dehir.hu\/upload\/images\/galeria\/2858\/180710-forest_offices_-mj_1.jpg\" alt=\"Fot\u00f3k: Miskolczi J\u00e1nos\" \/><\/p>\n<div class=\"middle\">\n<div class=\"text\"><i class=\"fa fa-search\"><\/i><\/div>\n<\/div>\n<\/div>\n<h2 class=\"text-center\">\u0150szre elk\u00e9sz\u00fcl Debrecen modern irodah\u00e1za<\/h2>\n<\/div>\n<\/div>\n<\/div>\n<hr \/>\n<p>A komplexum k\u00f6rnyezetbar\u00e1t. A korszer\u0171 irodah\u00e1z energiahat\u00e9kony \u00e9p\u00edt\u00e9szeti megold\u00e1sokkal, vil\u00e1gos bels\u0151 terekkel, z\u00f6ld tet\u0151vel, terasszal, k\u00e1v\u00e9z\u00f3val \u00e9s \u00e9tteremmel teremt majd hangulatos k\u00f6rnyezetet a nagyerdei \u00f6vezetben. Az irodah\u00e1z k\u00fcl\u00f6n l\u00e1tv\u00e1nyoss\u00e1ga lesz az a h\u00e1rom \u00fagynevezett pajzsfal, amelyeket leddel vil\u00e1g\u00edtanak majd be.<\/p>\n<p><em>Ilyen lesz az irodah\u00e1z<\/em><\/p>\n<hr \/>\n<div class=\"well\">\n<div class=\"row\">\n<div class=\"col-xs-12\">\n<div class=\"image-container\">\n<p><img decoding=\"async\" class=\"img-responsive img-thumbnail image\" src=\"http:\/\/www.dehir.hu\/upload\/images\/galeria\/2089\/6.jpg\" alt=\"\" \/><\/p>\n<div class=\"middle\">\n<div class=\"text\"><i class=\"fa fa-search\"><\/i><\/div>\n<\/div>\n<\/div>\n<h2 class=\"text-center\">Csod\u00e1s irodah\u00e1z \u00e9p\u00fcl<\/h2>\n<\/div>\n<\/div>\n<\/div>\n<hr \/>\n<p>A 33 ezer n\u00e9gyzetm\u00e9teres iroda-komplexum harmad\u00e1ra m\u00e1r az \u00e1tad\u00e1s el\u0151tt h\u00f3napokkal tal\u00e1ltak b\u00e9rl\u0151t.<\/p>\n<p>A Forest Offices Kelet-Magyarorsz\u00e1g legnagyobb A kateg\u00f3ri\u00e1s, \u00fagynevezett LEAD min\u0151s\u00edt\u00e9s\u0171 irodah\u00e1za lesz. Az \u00e9p\u00fclet m\u0171szaki \u00e1tad\u00e1s\u00e1t szeptember v\u00e9g\u00e9re tervezik.<\/p>\n<div id=\"videoDivContent\">\n<hr \/>\n<p class=\"text-center\"><a href=\"http:\/\/www.dehir.hu\/videogaleria\/jol-halad-a-forest-offices-irodahaz-epitese\">TOV\u00c1BB A TELJES CIKKRE&gt;&gt;&gt; J\u00f3l halad a Forest Offices irodah\u00e1z \u00e9p\u00edt\u00e9se<\/a><\/p>\n<hr \/>\n<\/div>\n<hr id=\"showLattaMar\" \/>\n<p><strong>C\u00edmk\u00e9k:\u00a0<\/strong><a href=\"http:\/\/www.dehir.hu\/tag\/irodahaz\/\">Irodah\u00e1z<\/a>,\u00a0<a href=\"http:\/\/www.dehir.hu\/tag\/debreceni-vagyonkezelo-zrt\/\">Debreceni Vagyonkezel\u0151 Zrt.<\/a>,\u00a0<a href=\"http:\/\/www.dehir.hu\/tag\/hunep-zrt\/\">HUN\u00c9P Zrt.<\/a>,\u00a0<a href=\"http:\/\/www.dehir.hu\/tag\/forest-offices-debrecen\/\">Forest Offices Debrecen<\/a>,\u00a0<a href=\"http:\/\/www.dehir.hu\/tag\/forest-offices\/\">Forest Offices<\/a>,\u00a0<a href=\"http:\/\/www.dehir.hu\/tag\/uj-fonix-terv\/\">\u00daj F\u0151nix Terv<\/a><\/p>","protected":false},"excerpt":{"rendered":"<p>&#8230;<\/p>","protected":false},"author":1,"featured_media":4349,"comment_status":"closed","ping_status":"closed","sticky":false,"template":"","format":"standard","meta":{"footnotes":""},"categories":[61],"tags":[],"class_list":["post-4345","post","type-post","status-publish","format-standard","has-post-thumbnail","hentry","category-media-megjelenesek"],"yoast_head":"<!-- This site is optimized with the Yoast SEO Premium plugin v27.4 (Yoast SEO v27.4) - https:\/\/yoast.com\/product\/yoast-seo-premium-wordpress\/ -->\n<title>Mutatjuk, hogy \u00e1ll a Forest Offices Debrecen irodah\u00e1z \u00e9p\u00edt\u00e9se - Forest Center Debrecen<\/title>\n<meta name=\"robots\" content=\"index, follow, max-snippet:-1, max-image-preview:large, max-video-preview:-1\" \/>\n<link rel=\"canonical\" href=\"https:\/\/forestcenter.hu\/en\/hogy-all-a-forest-offices-debrecen-irodahaz-epitese-2018-07-10\/\" \/>\n<meta property=\"og:locale\" content=\"en_GB\" \/>\n<meta property=\"og:type\" content=\"article\" \/>\n<meta property=\"og:title\" content=\"Mutatjuk, hogy \u00e1ll a Forest Offices Debrecen irodah\u00e1z \u00e9p\u00edt\u00e9se\" \/>\n<meta property=\"og:description\" content=\"...\" \/>\n<meta property=\"og:url\" content=\"https:\/\/forestcenter.hu\/en\/hogy-all-a-forest-offices-debrecen-irodahaz-epitese-2018-07-10\/\" \/>\n<meta property=\"og:site_name\" content=\"Forest Center Debrecen\" \/>\n<meta property=\"article:publisher\" content=\"https:\/\/www.facebook.com\/profile.php?id=61565596522416\" \/>\n<meta property=\"article:published_time\" content=\"2018-07-11T06:07:32+00:00\" \/>\n<meta property=\"article:modified_time\" content=\"2019-02-21T17:13:59+00:00\" \/>\n<meta property=\"og:image\" content=\"https:\/\/forestcenter.hu\/wp-content\/uploads\/2018\/07\/180710-forest-offices-mj_1_3.jpg\" \/>\n\t<meta property=\"og:image:width\" content=\"900\" \/>\n\t<meta property=\"og:image:height\" content=\"450\" \/>\n\t<meta property=\"og:image:type\" content=\"image\/jpeg\" \/>\n<meta name=\"author\" content=\"forestcenter\" \/>\n<meta name=\"twitter:card\" content=\"summary_large_image\" \/>\n<meta name=\"twitter:label1\" content=\"Written by\" \/>\n\t<meta name=\"twitter:data1\" content=\"forestcenter\" \/>\n\t<meta name=\"twitter:label2\" content=\"Estimated reading time\" \/>\n\t<meta name=\"twitter:data2\" content=\"2 minutes\" \/>\n<script type=\"application\/ld+json\" class=\"yoast-schema-graph\">{\"@context\":\"https:\\\/\\\/schema.org\",\"@graph\":[{\"@type\":\"Article\",\"@id\":\"https:\\\/\\\/forestcenter.hu\\\/hogy-all-a-forest-offices-debrecen-irodahaz-epitese-2018-07-10\\\/#article\",\"isPartOf\":{\"@id\":\"https:\\\/\\\/forestcenter.hu\\\/hogy-all-a-forest-offices-debrecen-irodahaz-epitese-2018-07-10\\\/\"},\"author\":{\"name\":\"forestcenter\",\"@id\":\"https:\\\/\\\/forestcenter.hu\\\/#\\\/schema\\\/person\\\/a5fe75787feea7d2f58ce873df28af2c\"},\"headline\":\"Mutatjuk, hogy \u00e1ll a Forest Offices Debrecen irodah\u00e1z \u00e9p\u00edt\u00e9se\",\"datePublished\":\"2018-07-11T06:07:32+00:00\",\"dateModified\":\"2019-02-21T17:13:59+00:00\",\"mainEntityOfPage\":{\"@id\":\"https:\\\/\\\/forestcenter.hu\\\/hogy-all-a-forest-offices-debrecen-irodahaz-epitese-2018-07-10\\\/\"},\"wordCount\":426,\"publisher\":{\"@id\":\"https:\\\/\\\/forestcenter.hu\\\/#organization\"},\"image\":{\"@id\":\"https:\\\/\\\/forestcenter.hu\\\/hogy-all-a-forest-offices-debrecen-irodahaz-epitese-2018-07-10\\\/#primaryimage\"},\"thumbnailUrl\":\"https:\\\/\\\/forestcenter.hu\\\/wp-content\\\/uploads\\\/2018\\\/07\\\/180710-forest-offices-mj_1_3.jpg\",\"articleSection\":[\"M\u00e9dia megjelen\u00e9sek\"],\"inLanguage\":\"en-GB\"},{\"@type\":\"WebPage\",\"@id\":\"https:\\\/\\\/forestcenter.hu\\\/hogy-all-a-forest-offices-debrecen-irodahaz-epitese-2018-07-10\\\/\",\"url\":\"https:\\\/\\\/forestcenter.hu\\\/hogy-all-a-forest-offices-debrecen-irodahaz-epitese-2018-07-10\\\/\",\"name\":\"Mutatjuk, hogy \u00e1ll a Forest Offices Debrecen irodah\u00e1z \u00e9p\u00edt\u00e9se - Forest Center Debrecen\",\"isPartOf\":{\"@id\":\"https:\\\/\\\/forestcenter.hu\\\/#website\"},\"primaryImageOfPage\":{\"@id\":\"https:\\\/\\\/forestcenter.hu\\\/hogy-all-a-forest-offices-debrecen-irodahaz-epitese-2018-07-10\\\/#primaryimage\"},\"image\":{\"@id\":\"https:\\\/\\\/forestcenter.hu\\\/hogy-all-a-forest-offices-debrecen-irodahaz-epitese-2018-07-10\\\/#primaryimage\"},\"thumbnailUrl\":\"https:\\\/\\\/forestcenter.hu\\\/wp-content\\\/uploads\\\/2018\\\/07\\\/180710-forest-offices-mj_1_3.jpg\",\"datePublished\":\"2018-07-11T06:07:32+00:00\",\"dateModified\":\"2019-02-21T17:13:59+00:00\",\"breadcrumb\":{\"@id\":\"https:\\\/\\\/forestcenter.hu\\\/hogy-all-a-forest-offices-debrecen-irodahaz-epitese-2018-07-10\\\/#breadcrumb\"},\"inLanguage\":\"en-GB\",\"potentialAction\":[{\"@type\":\"ReadAction\",\"target\":[\"https:\\\/\\\/forestcenter.hu\\\/hogy-all-a-forest-offices-debrecen-irodahaz-epitese-2018-07-10\\\/\"]}]},{\"@type\":\"ImageObject\",\"inLanguage\":\"en-GB\",\"@id\":\"https:\\\/\\\/forestcenter.hu\\\/hogy-all-a-forest-offices-debrecen-irodahaz-epitese-2018-07-10\\\/#primaryimage\",\"url\":\"https:\\\/\\\/forestcenter.hu\\\/wp-content\\\/uploads\\\/2018\\\/07\\\/180710-forest-offices-mj_1_3.jpg\",\"contentUrl\":\"https:\\\/\\\/forestcenter.hu\\\/wp-content\\\/uploads\\\/2018\\\/07\\\/180710-forest-offices-mj_1_3.jpg\",\"width\":900,\"height\":450},{\"@type\":\"BreadcrumbList\",\"@id\":\"https:\\\/\\\/forestcenter.hu\\\/hogy-all-a-forest-offices-debrecen-irodahaz-epitese-2018-07-10\\\/#breadcrumb\",\"itemListElement\":[{\"@type\":\"ListItem\",\"position\":1,\"name\":\"Home\",\"item\":\"https:\\\/\\\/forestcenter.hu\\\/\"},{\"@type\":\"ListItem\",\"position\":2,\"name\":\"Mutatjuk, hogy \u00e1ll a Forest Offices Debrecen irodah\u00e1z \u00e9p\u00edt\u00e9se\"}]},{\"@type\":\"WebSite\",\"@id\":\"https:\\\/\\\/forestcenter.hu\\\/#website\",\"url\":\"https:\\\/\\\/forestcenter.hu\\\/\",\"name\":\"Forest Center Debrecen\",\"description\":\"[:hu]Az A kateg\u00f3ri\u00e1s Forest Center Debrecen irodah\u00e1z modern megjelen\u00e9s\u00e9vel \u00e9s m\u0171szaki tartalm\u00e1val Debrecen \u00faj \u00fczleti k\u00f6zpontj\u00e1nak meghat\u00e1roz\u00f3 szerepl\u0151je lesz.[:en]A category office building with Leed Gold Certification will have an extravagant image with state of the art technical specification.[:]\",\"publisher\":{\"@id\":\"https:\\\/\\\/forestcenter.hu\\\/#organization\"},\"potentialAction\":[{\"@type\":\"SearchAction\",\"target\":{\"@type\":\"EntryPoint\",\"urlTemplate\":\"https:\\\/\\\/forestcenter.hu\\\/?s={search_term_string}\"},\"query-input\":{\"@type\":\"PropertyValueSpecification\",\"valueRequired\":true,\"valueName\":\"search_term_string\"}}],\"inLanguage\":\"en-GB\"},{\"@type\":\"Organization\",\"@id\":\"https:\\\/\\\/forestcenter.hu\\\/#organization\",\"name\":\"Forest Center Debrecen\",\"alternateName\":\"Forest Center\",\"url\":\"https:\\\/\\\/forestcenter.hu\\\/\",\"logo\":{\"@type\":\"ImageObject\",\"inLanguage\":\"en-GB\",\"@id\":\"https:\\\/\\\/forestcenter.hu\\\/#\\\/schema\\\/logo\\\/image\\\/\",\"url\":\"https:\\\/\\\/forestcenter.hu\\\/wp-content\\\/uploads\\\/2018\\\/03\\\/forest-logo220X132.png\",\"contentUrl\":\"https:\\\/\\\/forestcenter.hu\\\/wp-content\\\/uploads\\\/2018\\\/03\\\/forest-logo220X132.png\",\"width\":220,\"height\":132,\"caption\":\"Forest Center Debrecen\"},\"image\":{\"@id\":\"https:\\\/\\\/forestcenter.hu\\\/#\\\/schema\\\/logo\\\/image\\\/\"},\"sameAs\":[\"https:\\\/\\\/www.facebook.com\\\/profile.php?id=61565596522416\",\"https:\\\/\\\/www.linkedin.com\\\/company\\\/ud-forest-center\\\/\"],\"description\":\"UD Forest Center Kft. 4028 Debrecen, T\u00fcz\u00e9r utca 4.\",\"email\":\"info@udforest.hu\",\"telephone\":\"+36 30 379 7512\",\"legalName\":\"UD Forest Center Kft.\",\"taxID\":\"32194977-2-09\",\"numberOfEmployees\":{\"@type\":\"QuantitativeValue\",\"minValue\":\"11\",\"maxValue\":\"50\"}},{\"@type\":\"Person\",\"@id\":\"https:\\\/\\\/forestcenter.hu\\\/#\\\/schema\\\/person\\\/a5fe75787feea7d2f58ce873df28af2c\",\"name\":\"forestcenter\",\"url\":\"https:\\\/\\\/forestcenter.hu\\\/en\\\/author\\\/forestcenter\\\/\"}]}<\/script>\n<!-- \/ Yoast SEO Premium plugin. -->","yoast_head_json":{"title":"Mutatjuk, hogy \u00e1ll a Forest Offices Debrecen irodah\u00e1z \u00e9p\u00edt\u00e9se - Forest Center Debrecen","robots":{"index":"index","follow":"follow","max-snippet":"max-snippet:-1","max-image-preview":"max-image-preview:large","max-video-preview":"max-video-preview:-1"},"canonical":"https:\/\/forestcenter.hu\/en\/hogy-all-a-forest-offices-debrecen-irodahaz-epitese-2018-07-10\/","og_locale":"en_GB","og_type":"article","og_title":"Mutatjuk, hogy \u00e1ll a Forest Offices Debrecen irodah\u00e1z \u00e9p\u00edt\u00e9se","og_description":"...","og_url":"https:\/\/forestcenter.hu\/en\/hogy-all-a-forest-offices-debrecen-irodahaz-epitese-2018-07-10\/","og_site_name":"Forest Center Debrecen","article_publisher":"https:\/\/www.facebook.com\/profile.php?id=61565596522416","article_published_time":"2018-07-11T06:07:32+00:00","article_modified_time":"2019-02-21T17:13:59+00:00","og_image":[{"width":900,"height":450,"url":"https:\/\/forestcenter.hu\/wp-content\/uploads\/2018\/07\/180710-forest-offices-mj_1_3.jpg","type":"image\/jpeg"}],"author":"forestcenter","twitter_card":"summary_large_image","twitter_misc":{"Written by":"forestcenter","Estimated reading time":"2 minutes"},"schema":{"@context":"https:\/\/schema.org","@graph":[{"@type":"Article","@id":"https:\/\/forestcenter.hu\/hogy-all-a-forest-offices-debrecen-irodahaz-epitese-2018-07-10\/#article","isPartOf":{"@id":"https:\/\/forestcenter.hu\/hogy-all-a-forest-offices-debrecen-irodahaz-epitese-2018-07-10\/"},"author":{"name":"forestcenter","@id":"https:\/\/forestcenter.hu\/#\/schema\/person\/a5fe75787feea7d2f58ce873df28af2c"},"headline":"Mutatjuk, hogy \u00e1ll a Forest Offices Debrecen irodah\u00e1z \u00e9p\u00edt\u00e9se","datePublished":"2018-07-11T06:07:32+00:00","dateModified":"2019-02-21T17:13:59+00:00","mainEntityOfPage":{"@id":"https:\/\/forestcenter.hu\/hogy-all-a-forest-offices-debrecen-irodahaz-epitese-2018-07-10\/"},"wordCount":426,"publisher":{"@id":"https:\/\/forestcenter.hu\/#organization"},"image":{"@id":"https:\/\/forestcenter.hu\/hogy-all-a-forest-offices-debrecen-irodahaz-epitese-2018-07-10\/#primaryimage"},"thumbnailUrl":"https:\/\/forestcenter.hu\/wp-content\/uploads\/2018\/07\/180710-forest-offices-mj_1_3.jpg","articleSection":["M\u00e9dia megjelen\u00e9sek"],"inLanguage":"en-GB"},{"@type":"WebPage","@id":"https:\/\/forestcenter.hu\/hogy-all-a-forest-offices-debrecen-irodahaz-epitese-2018-07-10\/","url":"https:\/\/forestcenter.hu\/hogy-all-a-forest-offices-debrecen-irodahaz-epitese-2018-07-10\/","name":"Mutatjuk, hogy \u00e1ll a Forest Offices Debrecen irodah\u00e1z \u00e9p\u00edt\u00e9se - Forest Center Debrecen","isPartOf":{"@id":"https:\/\/forestcenter.hu\/#website"},"primaryImageOfPage":{"@id":"https:\/\/forestcenter.hu\/hogy-all-a-forest-offices-debrecen-irodahaz-epitese-2018-07-10\/#primaryimage"},"image":{"@id":"https:\/\/forestcenter.hu\/hogy-all-a-forest-offices-debrecen-irodahaz-epitese-2018-07-10\/#primaryimage"},"thumbnailUrl":"https:\/\/forestcenter.hu\/wp-content\/uploads\/2018\/07\/180710-forest-offices-mj_1_3.jpg","datePublished":"2018-07-11T06:07:32+00:00","dateModified":"2019-02-21T17:13:59+00:00","breadcrumb":{"@id":"https:\/\/forestcenter.hu\/hogy-all-a-forest-offices-debrecen-irodahaz-epitese-2018-07-10\/#breadcrumb"},"inLanguage":"en-GB","potentialAction":[{"@type":"ReadAction","target":["https:\/\/forestcenter.hu\/hogy-all-a-forest-offices-debrecen-irodahaz-epitese-2018-07-10\/"]}]},{"@type":"ImageObject","inLanguage":"en-GB","@id":"https:\/\/forestcenter.hu\/hogy-all-a-forest-offices-debrecen-irodahaz-epitese-2018-07-10\/#primaryimage","url":"https:\/\/forestcenter.hu\/wp-content\/uploads\/2018\/07\/180710-forest-offices-mj_1_3.jpg","contentUrl":"https:\/\/forestcenter.hu\/wp-content\/uploads\/2018\/07\/180710-forest-offices-mj_1_3.jpg","width":900,"height":450},{"@type":"BreadcrumbList","@id":"https:\/\/forestcenter.hu\/hogy-all-a-forest-offices-debrecen-irodahaz-epitese-2018-07-10\/#breadcrumb","itemListElement":[{"@type":"ListItem","position":1,"name":"Home","item":"https:\/\/forestcenter.hu\/"},{"@type":"ListItem","position":2,"name":"Mutatjuk, hogy \u00e1ll a Forest Offices Debrecen irodah\u00e1z \u00e9p\u00edt\u00e9se"}]},{"@type":"WebSite","@id":"https:\/\/forestcenter.hu\/#website","url":"https:\/\/forestcenter.hu\/","name":"Forest Center Debrecen","description":"[:hu]Az A kateg\u00f3ri\u00e1s Forest Center Debrecen irodah\u00e1z modern megjelen\u00e9s\u00e9vel \u00e9s m\u0171szaki tartalm\u00e1val Debrecen \u00faj \u00fczleti k\u00f6zpontj\u00e1nak meghat\u00e1roz\u00f3 szerepl\u0151je lesz.[:en]A category office building with Leed Gold Certification will have an extravagant image with state of the art technical specification.[:]","publisher":{"@id":"https:\/\/forestcenter.hu\/#organization"},"potentialAction":[{"@type":"SearchAction","target":{"@type":"EntryPoint","urlTemplate":"https:\/\/forestcenter.hu\/?s={search_term_string}"},"query-input":{"@type":"PropertyValueSpecification","valueRequired":true,"valueName":"search_term_string"}}],"inLanguage":"en-GB"},{"@type":"Organization","@id":"https:\/\/forestcenter.hu\/#organization","name":"Forest Center Debrecen","alternateName":"Forest Center","url":"https:\/\/forestcenter.hu\/","logo":{"@type":"ImageObject","inLanguage":"en-GB","@id":"https:\/\/forestcenter.hu\/#\/schema\/logo\/image\/","url":"https:\/\/forestcenter.hu\/wp-content\/uploads\/2018\/03\/forest-logo220X132.png","contentUrl":"https:\/\/forestcenter.hu\/wp-content\/uploads\/2018\/03\/forest-logo220X132.png","width":220,"height":132,"caption":"Forest Center Debrecen"},"image":{"@id":"https:\/\/forestcenter.hu\/#\/schema\/logo\/image\/"},"sameAs":["https:\/\/www.facebook.com\/profile.php?id=61565596522416","https:\/\/www.linkedin.com\/company\/ud-forest-center\/"],"description":"UD Forest Center Kft. 4028 Debrecen, T\u00fcz\u00e9r utca 4.","email":"info@udforest.hu","telephone":"+36 30 379 7512","legalName":"UD Forest Center Kft.","taxID":"32194977-2-09","numberOfEmployees":{"@type":"QuantitativeValue","minValue":"11","maxValue":"50"}},{"@type":"Person","@id":"https:\/\/forestcenter.hu\/#\/schema\/person\/a5fe75787feea7d2f58ce873df28af2c","name":"forestcenter","url":"https:\/\/forestcenter.hu\/en\/author\/forestcenter\/"}]}},"_links":{"self":[{"href":"https:\/\/forestcenter.hu\/en\/wp-json\/wp\/v2\/posts\/4345","targetHints":{"allow":["GET"]}}],"collection":[{"href":"https:\/\/forestcenter.hu\/en\/wp-json\/wp\/v2\/posts"}],"about":[{"href":"https:\/\/forestcenter.hu\/en\/wp-json\/wp\/v2\/types\/post"}],"author":[{"embeddable":true,"href":"https:\/\/forestcenter.hu\/en\/wp-json\/wp\/v2\/users\/1"}],"replies":[{"embeddable":true,"href":"https:\/\/forestcenter.hu\/en\/wp-json\/wp\/v2\/comments?post=4345"}],"version-history":[{"count":0,"href":"https:\/\/forestcenter.hu\/en\/wp-json\/wp\/v2\/posts\/4345\/revisions"}],"wp:featuredmedia":[{"embeddable":true,"href":"https:\/\/forestcenter.hu\/en\/wp-json\/wp\/v2\/media\/4349"}],"wp:attachment":[{"href":"https:\/\/forestcenter.hu\/en\/wp-json\/wp\/v2\/media?parent=4345"}],"wp:term":[{"taxonomy":"category","embeddable":true,"href":"https:\/\/forestcenter.hu\/en\/wp-json\/wp\/v2\/categories?post=4345"},{"taxonomy":"post_tag","embeddable":true,"href":"https:\/\/forestcenter.hu\/en\/wp-json\/wp\/v2\/tags?post=4345"}],"curies":[{"name":"wp","href":"https:\/\/api.w.org\/{rel}","templated":true}]}}