{"id":3525,"date":"2018-03-20T16:21:15","date_gmt":"2018-03-20T16:21:15","guid":{"rendered":"http:\/\/forestoffices.hu\/?p=3525"},"modified":"2018-04-05T20:54:28","modified_gmt":"2018-04-05T20:54:28","slug":"etterem-kavezo-palyazat","status":"publish","type":"post","link":"https:\/\/forestcenter.hu\/en\/etterem-kavezo-palyazat\/","title":{"rendered":"\u00c9tterem-K\u00e1v\u00e9z\u00f3 p\u00e1ly\u00e1zat"},"content":{"rendered":"<div class=\"wpb-content-wrapper\"><div class=\"vc_row wpb_row vc_row-fluid\"><div class=\"wpb_column vc_column_container vc_col-sm-12\"><div class=\"vc_column-inner\"><div class=\"wpb_wrapper\"><div class=\"mgt-header-block clearfix text-left text-black wpb_content_element  mgt-header-block-style-1 mgt-header-texttransform-header\"><h2 class=\"mgt-header-block-title\">P\u00e1ly\u00e1zati felh\u00edv\u00e1s \u00c9tterem \u00e9s K\u00e1v\u00e9z\u00f3 \u00fczemeltet\u00e9s\u00e9re<\/h2><div class=\"mgt-header-line\"><\/div><\/div>\n\t<div class=\"wpb_text_column wpb_content_element\" >\n\t\t<div class=\"wpb_wrapper\">\n\t\t\t<p>Debrecen &#8211; A\u00a0<b>Forest Offices Debrecen Kft.<\/b>\u00a0(4025 Debrecen, Piac u.77. II. em. 2.) ny\u00edlt\u00a0<b>p\u00e1ly\u00e1zatot hirdet<\/b>\u00a0az irodah\u00e1zban tal\u00e1lhat\u00f3 konyha-\u00e9tterem helyis\u00e9gcsoport, valamint k\u00e1v\u00e9z\u00f3 \u00fczemeltet\u00e9si k\u00f6telezetts\u00e9ggel j\u00e1r\u00f3 b\u00e9rbead\u00e1sa t\u00e1rgyban.<!--more-->Az aj\u00e1nlatt\u00e9tel felt\u00e9tele, hogy az Aj\u00e1nlattev\u0151 legk\u00e9s\u0151bb a p\u00e1ly\u00e1zat lead\u00e1si hat\u00e1ridej\u00e9t megel\u0151z\u0151 10. munkanapig a r\u00e9szv\u00e9teli sz\u00e1nd\u00e9k\u00e1t az\u00a0<a href=\"mailto:ertekesites@forestoffices.hu\">ertekesites@forestoffices.hu<\/a>\u00a0e-mail c\u00edmen jelezze.<b>\u00a0A p\u00e1ly\u00e1zat lead\u00e1si hat\u00e1rideje: 2018. \u00e1prilis 09. 12 \u00f3ra, 00 perc<\/b><\/p>\n<p>Az Aj\u00e1nlatk\u00e9r\u0151 az ig\u00e9ny be\u00e9rkez\u00e9s\u00e9t k\u00f6vet\u0151en a P\u00e1ly\u00e1zati felh\u00edv\u00e1st t\u00e9r\u00edt\u00e9s n\u00e9lk\u00fcl az Aj\u00e1nlattev\u0151k rendelkez\u00e9s\u00e9re bocs\u00e1jtja.<\/p>\n\n\t\t<\/div>\n\t<\/div>\n<\/div><\/div><\/div><\/div>\n<\/div>","protected":false},"excerpt":{"rendered":"<p>&#8230;<\/p>","protected":false},"author":1,"featured_media":3526,"comment_status":"closed","ping_status":"closed","sticky":false,"template":"","format":"standard","meta":{"footnotes":""},"categories":[62],"tags":[],"class_list":["post-3525","post","type-post","status-publish","format-standard","has-post-thumbnail","hentry","category-kozlemenyek"],"yoast_head":"<!-- This site is optimized with the Yoast SEO Premium plugin v27.4 (Yoast SEO v27.4) - https:\/\/yoast.com\/product\/yoast-seo-premium-wordpress\/ -->\n<title>\u00c9tterem-K\u00e1v\u00e9z\u00f3 p\u00e1ly\u00e1zat - Forest Center Debrecen<\/title>\n<meta name=\"robots\" content=\"index, follow, max-snippet:-1, max-image-preview:large, max-video-preview:-1\" \/>\n<link rel=\"canonical\" href=\"https:\/\/forestcenter.hu\/en\/etterem-kavezo-palyazat\/\" \/>\n<meta property=\"og:locale\" content=\"en_GB\" \/>\n<meta property=\"og:type\" content=\"article\" \/>\n<meta property=\"og:title\" content=\"\u00c9tterem-K\u00e1v\u00e9z\u00f3 p\u00e1ly\u00e1zat\" \/>\n<meta property=\"og:description\" content=\"...\" \/>\n<meta property=\"og:url\" content=\"https:\/\/forestcenter.hu\/en\/etterem-kavezo-palyazat\/\" \/>\n<meta property=\"og:site_name\" content=\"Forest Center Debrecen\" \/>\n<meta property=\"article:publisher\" content=\"https:\/\/www.facebook.com\/profile.php?id=61565596522416\" \/>\n<meta property=\"article:published_time\" content=\"2018-03-20T16:21:15+00:00\" \/>\n<meta property=\"article:modified_time\" content=\"2018-04-05T20:54:28+00:00\" \/>\n<meta property=\"og:image\" content=\"https:\/\/forestcenter.hu\/wp-content\/uploads\/2018\/03\/Tuzer_13_.0000-e1522399350356.jpg\" \/>\n\t<meta property=\"og:image:width\" content=\"2212\" \/>\n\t<meta property=\"og:image:height\" content=\"1087\" \/>\n\t<meta property=\"og:image:type\" content=\"image\/jpeg\" \/>\n<meta name=\"author\" content=\"forestcenter\" \/>\n<meta name=\"twitter:card\" content=\"summary_large_image\" \/>\n<meta name=\"twitter:label1\" content=\"Written by\" \/>\n\t<meta name=\"twitter:data1\" content=\"forestcenter\" \/>\n\t<meta name=\"twitter:label2\" content=\"Estimated reading time\" \/>\n\t<meta name=\"twitter:data2\" content=\"1 minute\" \/>\n<script type=\"application\/ld+json\" class=\"yoast-schema-graph\">{\"@context\":\"https:\\\/\\\/schema.org\",\"@graph\":[{\"@type\":\"Article\",\"@id\":\"https:\\\/\\\/forestcenter.hu\\\/etterem-kavezo-palyazat\\\/#article\",\"isPartOf\":{\"@id\":\"https:\\\/\\\/forestcenter.hu\\\/etterem-kavezo-palyazat\\\/\"},\"author\":{\"name\":\"forestcenter\",\"@id\":\"https:\\\/\\\/forestcenter.hu\\\/#\\\/schema\\\/person\\\/a5fe75787feea7d2f58ce873df28af2c\"},\"headline\":\"\u00c9tterem-K\u00e1v\u00e9z\u00f3 p\u00e1ly\u00e1zat\",\"datePublished\":\"2018-03-20T16:21:15+00:00\",\"dateModified\":\"2018-04-05T20:54:28+00:00\",\"mainEntityOfPage\":{\"@id\":\"https:\\\/\\\/forestcenter.hu\\\/etterem-kavezo-palyazat\\\/\"},\"wordCount\":171,\"publisher\":{\"@id\":\"https:\\\/\\\/forestcenter.hu\\\/#organization\"},\"image\":{\"@id\":\"https:\\\/\\\/forestcenter.hu\\\/etterem-kavezo-palyazat\\\/#primaryimage\"},\"thumbnailUrl\":\"https:\\\/\\\/forestcenter.hu\\\/wp-content\\\/uploads\\\/2018\\\/03\\\/Tuzer_13_.0000-e1522399350356.jpg\",\"articleSection\":[\"K\u00f6zlem\u00e9nyek\"],\"inLanguage\":\"en-GB\"},{\"@type\":\"WebPage\",\"@id\":\"https:\\\/\\\/forestcenter.hu\\\/etterem-kavezo-palyazat\\\/\",\"url\":\"https:\\\/\\\/forestcenter.hu\\\/etterem-kavezo-palyazat\\\/\",\"name\":\"\u00c9tterem-K\u00e1v\u00e9z\u00f3 p\u00e1ly\u00e1zat - Forest Center Debrecen\",\"isPartOf\":{\"@id\":\"https:\\\/\\\/forestcenter.hu\\\/#website\"},\"primaryImageOfPage\":{\"@id\":\"https:\\\/\\\/forestcenter.hu\\\/etterem-kavezo-palyazat\\\/#primaryimage\"},\"image\":{\"@id\":\"https:\\\/\\\/forestcenter.hu\\\/etterem-kavezo-palyazat\\\/#primaryimage\"},\"thumbnailUrl\":\"https:\\\/\\\/forestcenter.hu\\\/wp-content\\\/uploads\\\/2018\\\/03\\\/Tuzer_13_.0000-e1522399350356.jpg\",\"datePublished\":\"2018-03-20T16:21:15+00:00\",\"dateModified\":\"2018-04-05T20:54:28+00:00\",\"breadcrumb\":{\"@id\":\"https:\\\/\\\/forestcenter.hu\\\/etterem-kavezo-palyazat\\\/#breadcrumb\"},\"inLanguage\":\"en-GB\",\"potentialAction\":[{\"@type\":\"ReadAction\",\"target\":[\"https:\\\/\\\/forestcenter.hu\\\/etterem-kavezo-palyazat\\\/\"]}]},{\"@type\":\"ImageObject\",\"inLanguage\":\"en-GB\",\"@id\":\"https:\\\/\\\/forestcenter.hu\\\/etterem-kavezo-palyazat\\\/#primaryimage\",\"url\":\"https:\\\/\\\/forestcenter.hu\\\/wp-content\\\/uploads\\\/2018\\\/03\\\/Tuzer_13_.0000-e1522399350356.jpg\",\"contentUrl\":\"https:\\\/\\\/forestcenter.hu\\\/wp-content\\\/uploads\\\/2018\\\/03\\\/Tuzer_13_.0000-e1522399350356.jpg\",\"width\":2212,\"height\":1087,\"caption\":\"ProEXR File Description =Attributes= cameraAperture (float): 36.000000 cameraFNumber (float): 8.001899 cameraFarClip (float): 1000000015047466200000000000000.000000 cameraFarRange (float): 100000.000000 cameraFocalLength (float): 24.005695 cameraFov (float): 73.726738 cameraNearClip (float): 0.000000 cameraNearRange (float): 0.000000 cameraProjection (int): 0 cameraTargetDistance (float): 10114.752930 cameraTransform (m44f) channels (chlist) compression (compression): Zip dataWindow (box2i): [0, 0, 2999, 1687] displayWindow (box2i): [0, 0, 2999, 1687] lineOrder (lineOrder): Increasing Y name (string): \\\"\\\" pixelAspectRatio (float): 1.000000 screenWindowCenter (v2f): [0.000000, 0.000000] screenWindowWidth (float): 1.000000 type (string): \\\"scanlineimage\\\" vrayInfo\\\/camera (string): \\\"PhysCamera001\\\" vrayInfo\\\/computername (string): \\\"render7\\\" vrayInfo\\\/cpu (string): \\\"INTEL\\\/OctaModel:12,Family:6,Stepping:3,Cache:0\\\" vrayInfo\\\/date (string): \\\"2016. 11. 14.\\\" vrayInfo\\\/filename (string): \\\"Tuz_Hom_06.max\\\" vrayInfo\\\/frame (string): \\\"00000\\\" vrayInfo\\\/h (string): \\\"0\\\" vrayInfo\\\/mhz (string): \\\"0MHz\\\" vrayInfo\\\/numPasses (string): \\\"0\\\" vrayInfo\\\/numSubdivs (string): \\\"0.00\\\" vrayInfo\\\/os (string): \\\"Win10\\\" vrayInfo\\\/primitives (string): \\\"0\\\" vrayInfo\\\/ram (string): \\\"32464MB\\\" vrayInfo\\\/rendertime (string): \\\" 0h 0m 0.0s\\\" vrayInfo\\\/time (string): \\\"20:51:26\\\" vrayInfo\\\/vmem (string): \\\"134217728MB\\\" vrayInfo\\\/vraycore (string): \\\"3.25.01\\\" vrayInfo\\\/vrayversion (string): \\\"Internal V-Ray version Adv 3.40.01\\\" vrayInfo\\\/w (string): \\\"0\\\" =Channels= A (float) B (float) G (float) MultiMatteElement.B (float) MultiMatteElement.G (float) MultiMatteElement.R (float) R (float) VRayDiffuseFilter.B (float) VRayDiffuseFilter.G (float) VRayDiffuseFilter.R (float) VRayRawGlobalIllumination.B (float) VRayRawGlobalIllumination.G (float) VRayRawGlobalIllumination.R (float) VRayRawLighting.B (float) VRayRawLighting.G (float) VRayRawLighting.R (float) VRayRawReflection.B (float) VRayRawReflection.G (float) VRayRawReflection.R (float) VR\"},{\"@type\":\"BreadcrumbList\",\"@id\":\"https:\\\/\\\/forestcenter.hu\\\/etterem-kavezo-palyazat\\\/#breadcrumb\",\"itemListElement\":[{\"@type\":\"ListItem\",\"position\":1,\"name\":\"Home\",\"item\":\"https:\\\/\\\/forestcenter.hu\\\/\"},{\"@type\":\"ListItem\",\"position\":2,\"name\":\"\u00c9tterem-K\u00e1v\u00e9z\u00f3 p\u00e1ly\u00e1zat\"}]},{\"@type\":\"WebSite\",\"@id\":\"https:\\\/\\\/forestcenter.hu\\\/#website\",\"url\":\"https:\\\/\\\/forestcenter.hu\\\/\",\"name\":\"Forest Center Debrecen\",\"description\":\"[:hu]Az A kateg\u00f3ri\u00e1s Forest Center Debrecen irodah\u00e1z modern megjelen\u00e9s\u00e9vel \u00e9s m\u0171szaki tartalm\u00e1val Debrecen \u00faj \u00fczleti k\u00f6zpontj\u00e1nak meghat\u00e1roz\u00f3 szerepl\u0151je lesz.[:en]A category office building with Leed Gold Certification will have an extravagant image with state of the art technical specification.[:]\",\"publisher\":{\"@id\":\"https:\\\/\\\/forestcenter.hu\\\/#organization\"},\"potentialAction\":[{\"@type\":\"SearchAction\",\"target\":{\"@type\":\"EntryPoint\",\"urlTemplate\":\"https:\\\/\\\/forestcenter.hu\\\/?s={search_term_string}\"},\"query-input\":{\"@type\":\"PropertyValueSpecification\",\"valueRequired\":true,\"valueName\":\"search_term_string\"}}],\"inLanguage\":\"en-GB\"},{\"@type\":\"Organization\",\"@id\":\"https:\\\/\\\/forestcenter.hu\\\/#organization\",\"name\":\"Forest Center Debrecen\",\"alternateName\":\"Forest Center\",\"url\":\"https:\\\/\\\/forestcenter.hu\\\/\",\"logo\":{\"@type\":\"ImageObject\",\"inLanguage\":\"en-GB\",\"@id\":\"https:\\\/\\\/forestcenter.hu\\\/#\\\/schema\\\/logo\\\/image\\\/\",\"url\":\"https:\\\/\\\/forestcenter.hu\\\/wp-content\\\/uploads\\\/2018\\\/03\\\/forest-logo220X132.png\",\"contentUrl\":\"https:\\\/\\\/forestcenter.hu\\\/wp-content\\\/uploads\\\/2018\\\/03\\\/forest-logo220X132.png\",\"width\":220,\"height\":132,\"caption\":\"Forest Center Debrecen\"},\"image\":{\"@id\":\"https:\\\/\\\/forestcenter.hu\\\/#\\\/schema\\\/logo\\\/image\\\/\"},\"sameAs\":[\"https:\\\/\\\/www.facebook.com\\\/profile.php?id=61565596522416\",\"https:\\\/\\\/www.linkedin.com\\\/company\\\/ud-forest-center\\\/\"],\"description\":\"UD Forest Center Kft. 4028 Debrecen, T\u00fcz\u00e9r utca 4.\",\"email\":\"info@udforest.hu\",\"telephone\":\"+36 30 379 7512\",\"legalName\":\"UD Forest Center Kft.\",\"taxID\":\"32194977-2-09\",\"numberOfEmployees\":{\"@type\":\"QuantitativeValue\",\"minValue\":\"11\",\"maxValue\":\"50\"}},{\"@type\":\"Person\",\"@id\":\"https:\\\/\\\/forestcenter.hu\\\/#\\\/schema\\\/person\\\/a5fe75787feea7d2f58ce873df28af2c\",\"name\":\"forestcenter\",\"url\":\"https:\\\/\\\/forestcenter.hu\\\/en\\\/author\\\/forestcenter\\\/\"}]}<\/script>\n<!-- \/ Yoast SEO Premium plugin. -->","yoast_head_json":{"title":"\u00c9tterem-K\u00e1v\u00e9z\u00f3 p\u00e1ly\u00e1zat - Forest Center Debrecen","robots":{"index":"index","follow":"follow","max-snippet":"max-snippet:-1","max-image-preview":"max-image-preview:large","max-video-preview":"max-video-preview:-1"},"canonical":"https:\/\/forestcenter.hu\/en\/etterem-kavezo-palyazat\/","og_locale":"en_GB","og_type":"article","og_title":"\u00c9tterem-K\u00e1v\u00e9z\u00f3 p\u00e1ly\u00e1zat","og_description":"...","og_url":"https:\/\/forestcenter.hu\/en\/etterem-kavezo-palyazat\/","og_site_name":"Forest Center Debrecen","article_publisher":"https:\/\/www.facebook.com\/profile.php?id=61565596522416","article_published_time":"2018-03-20T16:21:15+00:00","article_modified_time":"2018-04-05T20:54:28+00:00","og_image":[{"width":2212,"height":1087,"url":"https:\/\/forestcenter.hu\/wp-content\/uploads\/2018\/03\/Tuzer_13_.0000-e1522399350356.jpg","type":"image\/jpeg"}],"author":"forestcenter","twitter_card":"summary_large_image","twitter_misc":{"Written by":"forestcenter","Estimated reading time":"1 minute"},"schema":{"@context":"https:\/\/schema.org","@graph":[{"@type":"Article","@id":"https:\/\/forestcenter.hu\/etterem-kavezo-palyazat\/#article","isPartOf":{"@id":"https:\/\/forestcenter.hu\/etterem-kavezo-palyazat\/"},"author":{"name":"forestcenter","@id":"https:\/\/forestcenter.hu\/#\/schema\/person\/a5fe75787feea7d2f58ce873df28af2c"},"headline":"\u00c9tterem-K\u00e1v\u00e9z\u00f3 p\u00e1ly\u00e1zat","datePublished":"2018-03-20T16:21:15+00:00","dateModified":"2018-04-05T20:54:28+00:00","mainEntityOfPage":{"@id":"https:\/\/forestcenter.hu\/etterem-kavezo-palyazat\/"},"wordCount":171,"publisher":{"@id":"https:\/\/forestcenter.hu\/#organization"},"image":{"@id":"https:\/\/forestcenter.hu\/etterem-kavezo-palyazat\/#primaryimage"},"thumbnailUrl":"https:\/\/forestcenter.hu\/wp-content\/uploads\/2018\/03\/Tuzer_13_.0000-e1522399350356.jpg","articleSection":["K\u00f6zlem\u00e9nyek"],"inLanguage":"en-GB"},{"@type":"WebPage","@id":"https:\/\/forestcenter.hu\/etterem-kavezo-palyazat\/","url":"https:\/\/forestcenter.hu\/etterem-kavezo-palyazat\/","name":"\u00c9tterem-K\u00e1v\u00e9z\u00f3 p\u00e1ly\u00e1zat - Forest Center Debrecen","isPartOf":{"@id":"https:\/\/forestcenter.hu\/#website"},"primaryImageOfPage":{"@id":"https:\/\/forestcenter.hu\/etterem-kavezo-palyazat\/#primaryimage"},"image":{"@id":"https:\/\/forestcenter.hu\/etterem-kavezo-palyazat\/#primaryimage"},"thumbnailUrl":"https:\/\/forestcenter.hu\/wp-content\/uploads\/2018\/03\/Tuzer_13_.0000-e1522399350356.jpg","datePublished":"2018-03-20T16:21:15+00:00","dateModified":"2018-04-05T20:54:28+00:00","breadcrumb":{"@id":"https:\/\/forestcenter.hu\/etterem-kavezo-palyazat\/#breadcrumb"},"inLanguage":"en-GB","potentialAction":[{"@type":"ReadAction","target":["https:\/\/forestcenter.hu\/etterem-kavezo-palyazat\/"]}]},{"@type":"ImageObject","inLanguage":"en-GB","@id":"https:\/\/forestcenter.hu\/etterem-kavezo-palyazat\/#primaryimage","url":"https:\/\/forestcenter.hu\/wp-content\/uploads\/2018\/03\/Tuzer_13_.0000-e1522399350356.jpg","contentUrl":"https:\/\/forestcenter.hu\/wp-content\/uploads\/2018\/03\/Tuzer_13_.0000-e1522399350356.jpg","width":2212,"height":1087,"caption":"ProEXR File Description =Attributes= cameraAperture (float): 36.000000 cameraFNumber (float): 8.001899 cameraFarClip (float): 1000000015047466200000000000000.000000 cameraFarRange (float): 100000.000000 cameraFocalLength (float): 24.005695 cameraFov (float): 73.726738 cameraNearClip (float): 0.000000 cameraNearRange (float): 0.000000 cameraProjection (int): 0 cameraTargetDistance (float): 10114.752930 cameraTransform (m44f) channels (chlist) compression (compression): Zip dataWindow (box2i): [0, 0, 2999, 1687] displayWindow (box2i): [0, 0, 2999, 1687] lineOrder (lineOrder): Increasing Y name (string): \"\" pixelAspectRatio (float): 1.000000 screenWindowCenter (v2f): [0.000000, 0.000000] screenWindowWidth (float): 1.000000 type (string): \"scanlineimage\" vrayInfo\/camera (string): \"PhysCamera001\" vrayInfo\/computername (string): \"render7\" vrayInfo\/cpu (string): \"INTEL\/OctaModel:12,Family:6,Stepping:3,Cache:0\" vrayInfo\/date (string): \"2016. 11. 14.\" vrayInfo\/filename (string): \"Tuz_Hom_06.max\" vrayInfo\/frame (string): \"00000\" vrayInfo\/h (string): \"0\" vrayInfo\/mhz (string): \"0MHz\" vrayInfo\/numPasses (string): \"0\" vrayInfo\/numSubdivs (string): \"0.00\" vrayInfo\/os (string): \"Win10\" vrayInfo\/primitives (string): \"0\" vrayInfo\/ram (string): \"32464MB\" vrayInfo\/rendertime (string): \" 0h 0m 0.0s\" vrayInfo\/time (string): \"20:51:26\" vrayInfo\/vmem (string): \"134217728MB\" vrayInfo\/vraycore (string): \"3.25.01\" vrayInfo\/vrayversion (string): \"Internal V-Ray version Adv 3.40.01\" vrayInfo\/w (string): \"0\" =Channels= A (float) B (float) G (float) MultiMatteElement.B (float) MultiMatteElement.G (float) MultiMatteElement.R (float) R (float) VRayDiffuseFilter.B (float) VRayDiffuseFilter.G (float) VRayDiffuseFilter.R (float) VRayRawGlobalIllumination.B (float) VRayRawGlobalIllumination.G (float) VRayRawGlobalIllumination.R (float) VRayRawLighting.B (float) VRayRawLighting.G (float) VRayRawLighting.R (float) VRayRawReflection.B (float) VRayRawReflection.G (float) VRayRawReflection.R (float) VR"},{"@type":"BreadcrumbList","@id":"https:\/\/forestcenter.hu\/etterem-kavezo-palyazat\/#breadcrumb","itemListElement":[{"@type":"ListItem","position":1,"name":"Home","item":"https:\/\/forestcenter.hu\/"},{"@type":"ListItem","position":2,"name":"\u00c9tterem-K\u00e1v\u00e9z\u00f3 p\u00e1ly\u00e1zat"}]},{"@type":"WebSite","@id":"https:\/\/forestcenter.hu\/#website","url":"https:\/\/forestcenter.hu\/","name":"Forest Center Debrecen","description":"[:hu]Az A kateg\u00f3ri\u00e1s Forest Center Debrecen irodah\u00e1z modern megjelen\u00e9s\u00e9vel \u00e9s m\u0171szaki tartalm\u00e1val Debrecen \u00faj \u00fczleti k\u00f6zpontj\u00e1nak meghat\u00e1roz\u00f3 szerepl\u0151je lesz.[:en]A category office building with Leed Gold Certification will have an extravagant image with state of the art technical specification.[:]","publisher":{"@id":"https:\/\/forestcenter.hu\/#organization"},"potentialAction":[{"@type":"SearchAction","target":{"@type":"EntryPoint","urlTemplate":"https:\/\/forestcenter.hu\/?s={search_term_string}"},"query-input":{"@type":"PropertyValueSpecification","valueRequired":true,"valueName":"search_term_string"}}],"inLanguage":"en-GB"},{"@type":"Organization","@id":"https:\/\/forestcenter.hu\/#organization","name":"Forest Center Debrecen","alternateName":"Forest Center","url":"https:\/\/forestcenter.hu\/","logo":{"@type":"ImageObject","inLanguage":"en-GB","@id":"https:\/\/forestcenter.hu\/#\/schema\/logo\/image\/","url":"https:\/\/forestcenter.hu\/wp-content\/uploads\/2018\/03\/forest-logo220X132.png","contentUrl":"https:\/\/forestcenter.hu\/wp-content\/uploads\/2018\/03\/forest-logo220X132.png","width":220,"height":132,"caption":"Forest Center Debrecen"},"image":{"@id":"https:\/\/forestcenter.hu\/#\/schema\/logo\/image\/"},"sameAs":["https:\/\/www.facebook.com\/profile.php?id=61565596522416","https:\/\/www.linkedin.com\/company\/ud-forest-center\/"],"description":"UD Forest Center Kft. 4028 Debrecen, T\u00fcz\u00e9r utca 4.","email":"info@udforest.hu","telephone":"+36 30 379 7512","legalName":"UD Forest Center Kft.","taxID":"32194977-2-09","numberOfEmployees":{"@type":"QuantitativeValue","minValue":"11","maxValue":"50"}},{"@type":"Person","@id":"https:\/\/forestcenter.hu\/#\/schema\/person\/a5fe75787feea7d2f58ce873df28af2c","name":"forestcenter","url":"https:\/\/forestcenter.hu\/en\/author\/forestcenter\/"}]}},"_links":{"self":[{"href":"https:\/\/forestcenter.hu\/en\/wp-json\/wp\/v2\/posts\/3525","targetHints":{"allow":["GET"]}}],"collection":[{"href":"https:\/\/forestcenter.hu\/en\/wp-json\/wp\/v2\/posts"}],"about":[{"href":"https:\/\/forestcenter.hu\/en\/wp-json\/wp\/v2\/types\/post"}],"author":[{"embeddable":true,"href":"https:\/\/forestcenter.hu\/en\/wp-json\/wp\/v2\/users\/1"}],"replies":[{"embeddable":true,"href":"https:\/\/forestcenter.hu\/en\/wp-json\/wp\/v2\/comments?post=3525"}],"version-history":[{"count":0,"href":"https:\/\/forestcenter.hu\/en\/wp-json\/wp\/v2\/posts\/3525\/revisions"}],"wp:featuredmedia":[{"embeddable":true,"href":"https:\/\/forestcenter.hu\/en\/wp-json\/wp\/v2\/media\/3526"}],"wp:attachment":[{"href":"https:\/\/forestcenter.hu\/en\/wp-json\/wp\/v2\/media?parent=3525"}],"wp:term":[{"taxonomy":"category","embeddable":true,"href":"https:\/\/forestcenter.hu\/en\/wp-json\/wp\/v2\/categories?post=3525"},{"taxonomy":"post_tag","embeddable":true,"href":"https:\/\/forestcenter.hu\/en\/wp-json\/wp\/v2\/tags?post=3525"}],"curies":[{"name":"wp","href":"https:\/\/api.w.org\/{rel}","templated":true}]}}