{"id":3477,"date":"2018-02-11T23:53:08","date_gmt":"2018-02-11T23:53:08","guid":{"rendered":"http:\/\/forestoffices.hu\/?p=3477"},"modified":"2018-04-05T20:54:49","modified_gmt":"2018-04-05T20:54:49","slug":"uj-a-kategorias-irodahaz-epul-debrecenben","status":"publish","type":"post","link":"https:\/\/forestcenter.hu\/en\/uj-a-kategorias-irodahaz-epul-debrecenben\/","title":{"rendered":"\u00daj, A kateg\u00f3ri\u00e1s irodah\u00e1z \u00e9p\u00fcl Debrecenben"},"content":{"rendered":"<div class=\"wpb-content-wrapper\"><div class=\"vc_row wpb_row vc_row-fluid\"><div class=\"wpb_column vc_column_container vc_col-sm-12\"><div class=\"vc_column-inner\"><div class=\"wpb_wrapper\">\n\t<div class=\"wpb_text_column wpb_content_element\" >\n\t\t<div class=\"wpb_wrapper\">\n\t\t\t<p><strong>BUDAPEST, 2017. m\u00e1jus 9.<\/strong>\u00a0\u2013\u00a0<i>Forest Offices Debrecen n\u00e9ven \u00faj, A kateg\u00f3ri\u00e1s irodah\u00e1z meg\u00e9p\u00edt\u00e9s\u00e9t jelentett\u00e9k be Debrecenben.<br \/>\n<!--more--><br \/>\nA 22 000 n\u00e9gyzetm\u00e9teres debreceni irodah\u00e1z nemcsak a legmodernebb m\u0171szaki, k\u00f6rnyezetbar\u00e1t megold\u00e1sokkal \u00e9p\u00fcl, mely egyben Kelet-Magyarorsz\u00e1g legnagyobb m\u00e9ret\u0171 irodah\u00e1za lesz. A v\u00e1rhat\u00f3an 2018 III. negyed\u00e9v\u00e9ben \u00e1tad\u00e1sra ker\u00fcl\u0151 \u00e9p\u00fcletet a Bord \u00c9p\u00edt\u00e9sz St\u00fadi\u00f3 tervezi, kiz\u00e1r\u00f3lagos b\u00e9rbead\u00e1s\u00e1t, z\u00f6ld min\u0151s\u00edt\u00e9s\u00e9t \u00e9s projekt tan\u00e1csad\u00e1si munk\u00e1it egyar\u00e1nt a Colliers International magyarorsz\u00e1gi irod\u00e1ja v\u00e9gzi.<\/i><\/p>\n<p>A tervezett projekt bizony\u00edtja a szakemberek \u00e1ltal mind s\u0171r\u0171bben hangoztatott folyamatot, mely szerint \u2013 Budapest mellett \u2013 a vid\u00e9ki nagyv\u00e1rosok is egyre nagyobb szerepet kapnak a nemzetk\u00f6zi c\u00e9gek terjeszked\u00e9si t\u00e9rk\u00e9p\u00e9n, \u00e9s Debrecen \u2013 k\u00f6sz\u00f6nhet\u0151en a magas kvalit\u00e1s\u00fa, kiv\u00e1l\u00f3 \u00e1r-\u00e9rt\u00e9k ar\u00e1ny\u00fa, el\u00e9rhet\u0151 munkaer\u0151nek \u2013 t\u00f6k\u00e9letes lok\u00e1ci\u00f3 a nemzetk\u00f6zi h\u00e1tter\u0171 c\u00e9gek, els\u0151dlegesen az SSC\/BPO szektor sz\u00e1m\u00e1ra.<\/p>\n<p><img decoding=\"async\" class=\"featurette-image img-responsive center-block\" src=\"http:\/\/www.forestoffices.hu\/images\/kep1.jpg\" alt=\"\" \/><\/p>\n<p><i>\u201eDebrecen ir\u00e1nt egyre nagyobb a kereslet az SSC piacon. 2017 febru\u00e1rj\u00e1ban nyert\u00fck el ebben a kateg\u00f3ri\u00e1ban az \u201e\u00c9v felt\u00f6rekv\u0151 v\u00e1rosa\u201d c\u00edmet egy vars\u00f3i nemzetk\u00f6zi konferenci\u00e1n. Ez a d\u00edj arra k\u00f6telez minket, hogy a lehet\u0151 legjobb felt\u00e9teleket k\u00edn\u00e1ljuk azoknak a c\u00e9geknek, amelyek Debrecent v\u00e1lasztj\u00e1k. Ebben a t\u00f6rekv\u00e9sben seg\u00edt a Forest Offices Debrecen.\u201d<\/i>\u00a0&#8211;\u00a0<strong>mondta Papp L\u00e1szl\u00f3, Debrecen polg\u00e1rmestere.<\/strong><\/p>\n<p>A spekulat\u00edv fejleszt\u00e9sben megval\u00f3sul\u00f3, A kateg\u00f3ri\u00e1s Forest Offices Debrecen modern megjelen\u00e9s\u00e9vel \u00e9s m\u0171szaki tartalm\u00e1val Debrecen \u00faj \u00fczleti negyed\u00e9nek meghat\u00e1roz\u00f3 szerepl\u0151je lesz. A 3 k\u00fcl\u00f6n sz\u00e1rnyb\u00f3l \u00e1ll\u00f3 \u00e9p\u00fclet 5 emeleten \u00f6sszesen mintegy 22 000 n\u00e9gyzetm\u00e9ternyi flexibilisen oszthat\u00f3 irodater\u00fcletet \u00e9s 200 db parkol\u00f3helyet biztos\u00edt. A komplexum k\u00f6rnyezetbar\u00e1t megold\u00e1sokkal, vil\u00e1gos bels\u0151 terekkel, z\u00f6ldtet\u0151vel \u00e9s a LEED Gold min\u0151s\u00edt\u00e9s\u00e9nek megfelel\u0151, hat\u00e9konys\u00e1gra fokusz\u00e1l\u00f3 \u00e9p\u00edt\u00e9szeti \u00e9s g\u00e9p\u00e9szeti megold\u00e1sokkal ker\u00fcl meg\u00e9p\u00edt\u00e9sre.<\/p>\n<p>&nbsp;<\/p>\n<p>A v\u00e1rosk\u00f6zpontt\u00f3l 10 perces t\u00e1vols\u00e1gra l\u00e9v\u0151 lok\u00e1ci\u00f3, a z\u00f6ld k\u00f6rnyezet, valamint a tet\u0151teraszok a munkav\u00e1llal\u00f3k komfortj\u00e1t szolg\u00e1lj\u00e1k majd, k\u00e9nyelm\u00fckr\u0151l az \u00e9p\u00fcletben \u00e9s a k\u00f6rny\u00e9ken tal\u00e1lhat\u00f3 sz\u00e1mos szolg\u00e1ltat\u00e1s, \u00e9tterem, k\u00e1v\u00e9z\u00f3 fog gondoskodni.<\/p>\n<p><i>\u201eB\u00fcszk\u00e9k vagyunk r\u00e1, hogy lehet\u0151s\u00e9g\u00fcnk van egy, a megyejog\u00fa v\u00e1rosokban egyel\u0151re egyed\u00fcl\u00e1ll\u00f3 spekulat\u00edv irodafejleszt\u00e9s megval\u00f3s\u00edt\u00e1s\u00e1ban egy\u00fcttm\u0171k\u00f6dni Debrecen v\u00e1ros\u00e1val. Region\u00e1lisan egyre er\u0151s\u00f6dik az a trend, hogy a nemzetk\u00f6zi szolg\u00e1ltat\u00f3k m\u00e1r nem kiz\u00e1r\u00f3lag a f\u0151v\u00e1rosokban k\u00e9pzelik el k\u00f6zpontjaikat. Ennek hat\u00e1sa Magyarorsz\u00e1gon is egyre er\u0151sebben \u00e9rz\u00e9kelhet\u0151, ez\u00e9rt is hisz\u00fcnk a projekt siker\u00e9ben.\u201d<\/i>\u00a0&#8211;\u00a0<strong>tette hozz\u00e1 Ecs\u0151di Mikl\u00f3s a Colliers International iroda b\u00e9rbead\u00e1si \u00fczlet\u00e1g\u00e1nak t\u00e1rsigazgat\u00f3ja.<\/strong><\/p>\n<p>&nbsp;<\/p>\n<p>Forr\u00e1s: Colliers International<\/p>\n<p>&nbsp;<\/p>\n<p><strong>Tov\u00e1bbi inform\u00e1ci\u00f3:<\/strong><br \/>\nHorv\u00e1th Boldizs\u00e1r<br \/>\nMarketing &amp; PR, Colliers International<br \/>\nTel: +36 1 336 4202<br \/>\nE-mail:\u00a0<a href=\"mailto:boldizsar.horvath@colliers.com\">boldizsar.horvath@colliers.com<\/a><\/p>\n\n\t\t<\/div>\n\t<\/div>\n<\/div><\/div><\/div><\/div>\n<\/div>","protected":false},"excerpt":{"rendered":"<p>&#8230;<\/p>","protected":false},"author":1,"featured_media":3320,"comment_status":"closed","ping_status":"closed","sticky":false,"template":"","format":"standard","meta":{"footnotes":""},"categories":[61],"tags":[],"class_list":["post-3477","post","type-post","status-publish","format-standard","has-post-thumbnail","hentry","category-media-megjelenesek"],"yoast_head":"<!-- This site is optimized with the Yoast SEO Premium plugin v27.4 (Yoast SEO v27.4) - https:\/\/yoast.com\/product\/yoast-seo-premium-wordpress\/ -->\n<title>\u00daj, A kateg\u00f3ri\u00e1s irodah\u00e1z \u00e9p\u00fcl Debrecenben - Forest Center Debrecen<\/title>\n<meta name=\"robots\" content=\"index, follow, max-snippet:-1, max-image-preview:large, max-video-preview:-1\" \/>\n<link rel=\"canonical\" href=\"https:\/\/forestcenter.hu\/en\/uj-a-kategorias-irodahaz-epul-debrecenben\/\" \/>\n<meta property=\"og:locale\" content=\"en_GB\" \/>\n<meta property=\"og:type\" content=\"article\" \/>\n<meta property=\"og:title\" content=\"\u00daj, A kateg\u00f3ri\u00e1s irodah\u00e1z \u00e9p\u00fcl Debrecenben\" \/>\n<meta property=\"og:description\" content=\"...\" \/>\n<meta property=\"og:url\" content=\"https:\/\/forestcenter.hu\/en\/uj-a-kategorias-irodahaz-epul-debrecenben\/\" \/>\n<meta property=\"og:site_name\" content=\"Forest Center Debrecen\" \/>\n<meta property=\"article:publisher\" content=\"https:\/\/www.facebook.com\/profile.php?id=61565596522416\" \/>\n<meta property=\"article:published_time\" content=\"2018-02-11T23:53:08+00:00\" \/>\n<meta property=\"article:modified_time\" content=\"2018-04-05T20:54:49+00:00\" \/>\n<meta property=\"og:image\" content=\"https:\/\/forestcenter.hu\/wp-content\/uploads\/2018\/03\/c2.jpg\" \/>\n\t<meta property=\"og:image:width\" content=\"960\" \/>\n\t<meta property=\"og:image:height\" content=\"640\" \/>\n\t<meta property=\"og:image:type\" content=\"image\/jpeg\" \/>\n<meta name=\"author\" content=\"forestcenter\" \/>\n<meta name=\"twitter:card\" content=\"summary_large_image\" \/>\n<meta name=\"twitter:label1\" content=\"Written by\" \/>\n\t<meta name=\"twitter:data1\" content=\"forestcenter\" \/>\n\t<meta name=\"twitter:label2\" content=\"Estimated reading time\" \/>\n\t<meta name=\"twitter:data2\" content=\"3 minutes\" \/>\n<script type=\"application\/ld+json\" class=\"yoast-schema-graph\">{\"@context\":\"https:\\\/\\\/schema.org\",\"@graph\":[{\"@type\":\"Article\",\"@id\":\"https:\\\/\\\/forestcenter.hu\\\/en\\\/uj-a-kategorias-irodahaz-epul-debrecenben\\\/#article\",\"isPartOf\":{\"@id\":\"https:\\\/\\\/forestcenter.hu\\\/en\\\/uj-a-kategorias-irodahaz-epul-debrecenben\\\/\"},\"author\":{\"name\":\"forestcenter\",\"@id\":\"https:\\\/\\\/forestcenter.hu\\\/#\\\/schema\\\/person\\\/a5fe75787feea7d2f58ce873df28af2c\"},\"headline\":\"\u00daj, A kateg\u00f3ri\u00e1s irodah\u00e1z \u00e9p\u00fcl Debrecenben\",\"datePublished\":\"2018-02-11T23:53:08+00:00\",\"dateModified\":\"2018-04-05T20:54:49+00:00\",\"mainEntityOfPage\":{\"@id\":\"https:\\\/\\\/forestcenter.hu\\\/en\\\/uj-a-kategorias-irodahaz-epul-debrecenben\\\/\"},\"wordCount\":588,\"publisher\":{\"@id\":\"https:\\\/\\\/forestcenter.hu\\\/#organization\"},\"image\":{\"@id\":\"https:\\\/\\\/forestcenter.hu\\\/en\\\/uj-a-kategorias-irodahaz-epul-debrecenben\\\/#primaryimage\"},\"thumbnailUrl\":\"https:\\\/\\\/forestcenter.hu\\\/wp-content\\\/uploads\\\/2018\\\/03\\\/c2.jpg\",\"articleSection\":[\"M\u00e9dia megjelen\u00e9sek\"],\"inLanguage\":\"en-GB\"},{\"@type\":\"WebPage\",\"@id\":\"https:\\\/\\\/forestcenter.hu\\\/en\\\/uj-a-kategorias-irodahaz-epul-debrecenben\\\/\",\"url\":\"https:\\\/\\\/forestcenter.hu\\\/en\\\/uj-a-kategorias-irodahaz-epul-debrecenben\\\/\",\"name\":\"\u00daj, A kateg\u00f3ri\u00e1s irodah\u00e1z \u00e9p\u00fcl Debrecenben - Forest Center Debrecen\",\"isPartOf\":{\"@id\":\"https:\\\/\\\/forestcenter.hu\\\/#website\"},\"primaryImageOfPage\":{\"@id\":\"https:\\\/\\\/forestcenter.hu\\\/en\\\/uj-a-kategorias-irodahaz-epul-debrecenben\\\/#primaryimage\"},\"image\":{\"@id\":\"https:\\\/\\\/forestcenter.hu\\\/en\\\/uj-a-kategorias-irodahaz-epul-debrecenben\\\/#primaryimage\"},\"thumbnailUrl\":\"https:\\\/\\\/forestcenter.hu\\\/wp-content\\\/uploads\\\/2018\\\/03\\\/c2.jpg\",\"datePublished\":\"2018-02-11T23:53:08+00:00\",\"dateModified\":\"2018-04-05T20:54:49+00:00\",\"breadcrumb\":{\"@id\":\"https:\\\/\\\/forestcenter.hu\\\/en\\\/uj-a-kategorias-irodahaz-epul-debrecenben\\\/#breadcrumb\"},\"inLanguage\":\"en-GB\",\"potentialAction\":[{\"@type\":\"ReadAction\",\"target\":[\"https:\\\/\\\/forestcenter.hu\\\/en\\\/uj-a-kategorias-irodahaz-epul-debrecenben\\\/\"]}]},{\"@type\":\"ImageObject\",\"inLanguage\":\"en-GB\",\"@id\":\"https:\\\/\\\/forestcenter.hu\\\/en\\\/uj-a-kategorias-irodahaz-epul-debrecenben\\\/#primaryimage\",\"url\":\"https:\\\/\\\/forestcenter.hu\\\/wp-content\\\/uploads\\\/2018\\\/03\\\/c2.jpg\",\"contentUrl\":\"https:\\\/\\\/forestcenter.hu\\\/wp-content\\\/uploads\\\/2018\\\/03\\\/c2.jpg\",\"width\":960,\"height\":640},{\"@type\":\"BreadcrumbList\",\"@id\":\"https:\\\/\\\/forestcenter.hu\\\/en\\\/uj-a-kategorias-irodahaz-epul-debrecenben\\\/#breadcrumb\",\"itemListElement\":[{\"@type\":\"ListItem\",\"position\":1,\"name\":\"Home\",\"item\":\"https:\\\/\\\/forestcenter.hu\\\/\"},{\"@type\":\"ListItem\",\"position\":2,\"name\":\"\u00daj, A kateg\u00f3ri\u00e1s irodah\u00e1z \u00e9p\u00fcl Debrecenben\"}]},{\"@type\":\"WebSite\",\"@id\":\"https:\\\/\\\/forestcenter.hu\\\/#website\",\"url\":\"https:\\\/\\\/forestcenter.hu\\\/\",\"name\":\"Forest Center Debrecen\",\"description\":\"[:hu]Az A kateg\u00f3ri\u00e1s Forest Center Debrecen irodah\u00e1z modern megjelen\u00e9s\u00e9vel \u00e9s m\u0171szaki tartalm\u00e1val Debrecen \u00faj \u00fczleti k\u00f6zpontj\u00e1nak meghat\u00e1roz\u00f3 szerepl\u0151je lesz.[:en]A category office building with Leed Gold Certification will have an extravagant image with state of the art technical specification.[:]\",\"publisher\":{\"@id\":\"https:\\\/\\\/forestcenter.hu\\\/#organization\"},\"potentialAction\":[{\"@type\":\"SearchAction\",\"target\":{\"@type\":\"EntryPoint\",\"urlTemplate\":\"https:\\\/\\\/forestcenter.hu\\\/?s={search_term_string}\"},\"query-input\":{\"@type\":\"PropertyValueSpecification\",\"valueRequired\":true,\"valueName\":\"search_term_string\"}}],\"inLanguage\":\"en-GB\"},{\"@type\":\"Organization\",\"@id\":\"https:\\\/\\\/forestcenter.hu\\\/#organization\",\"name\":\"Forest Center Debrecen\",\"alternateName\":\"Forest Center\",\"url\":\"https:\\\/\\\/forestcenter.hu\\\/\",\"logo\":{\"@type\":\"ImageObject\",\"inLanguage\":\"en-GB\",\"@id\":\"https:\\\/\\\/forestcenter.hu\\\/#\\\/schema\\\/logo\\\/image\\\/\",\"url\":\"https:\\\/\\\/forestcenter.hu\\\/wp-content\\\/uploads\\\/2018\\\/03\\\/forest-logo220X132.png\",\"contentUrl\":\"https:\\\/\\\/forestcenter.hu\\\/wp-content\\\/uploads\\\/2018\\\/03\\\/forest-logo220X132.png\",\"width\":220,\"height\":132,\"caption\":\"Forest Center Debrecen\"},\"image\":{\"@id\":\"https:\\\/\\\/forestcenter.hu\\\/#\\\/schema\\\/logo\\\/image\\\/\"},\"sameAs\":[\"https:\\\/\\\/www.facebook.com\\\/profile.php?id=61565596522416\",\"https:\\\/\\\/www.linkedin.com\\\/company\\\/ud-forest-center\\\/\"],\"description\":\"UD Forest Center Kft. 4028 Debrecen, T\u00fcz\u00e9r utca 4.\",\"email\":\"info@udforest.hu\",\"telephone\":\"+36 30 379 7512\",\"legalName\":\"UD Forest Center Kft.\",\"taxID\":\"32194977-2-09\",\"numberOfEmployees\":{\"@type\":\"QuantitativeValue\",\"minValue\":\"11\",\"maxValue\":\"50\"}},{\"@type\":\"Person\",\"@id\":\"https:\\\/\\\/forestcenter.hu\\\/#\\\/schema\\\/person\\\/a5fe75787feea7d2f58ce873df28af2c\",\"name\":\"forestcenter\",\"url\":\"https:\\\/\\\/forestcenter.hu\\\/en\\\/author\\\/forestcenter\\\/\"}]}<\/script>\n<!-- \/ Yoast SEO Premium plugin. -->","yoast_head_json":{"title":"\u00daj, A kateg\u00f3ri\u00e1s irodah\u00e1z \u00e9p\u00fcl Debrecenben - Forest Center Debrecen","robots":{"index":"index","follow":"follow","max-snippet":"max-snippet:-1","max-image-preview":"max-image-preview:large","max-video-preview":"max-video-preview:-1"},"canonical":"https:\/\/forestcenter.hu\/en\/uj-a-kategorias-irodahaz-epul-debrecenben\/","og_locale":"en_GB","og_type":"article","og_title":"\u00daj, A kateg\u00f3ri\u00e1s irodah\u00e1z \u00e9p\u00fcl Debrecenben","og_description":"...","og_url":"https:\/\/forestcenter.hu\/en\/uj-a-kategorias-irodahaz-epul-debrecenben\/","og_site_name":"Forest Center Debrecen","article_publisher":"https:\/\/www.facebook.com\/profile.php?id=61565596522416","article_published_time":"2018-02-11T23:53:08+00:00","article_modified_time":"2018-04-05T20:54:49+00:00","og_image":[{"width":960,"height":640,"url":"https:\/\/forestcenter.hu\/wp-content\/uploads\/2018\/03\/c2.jpg","type":"image\/jpeg"}],"author":"forestcenter","twitter_card":"summary_large_image","twitter_misc":{"Written by":"forestcenter","Estimated reading time":"3 minutes"},"schema":{"@context":"https:\/\/schema.org","@graph":[{"@type":"Article","@id":"https:\/\/forestcenter.hu\/en\/uj-a-kategorias-irodahaz-epul-debrecenben\/#article","isPartOf":{"@id":"https:\/\/forestcenter.hu\/en\/uj-a-kategorias-irodahaz-epul-debrecenben\/"},"author":{"name":"forestcenter","@id":"https:\/\/forestcenter.hu\/#\/schema\/person\/a5fe75787feea7d2f58ce873df28af2c"},"headline":"\u00daj, A kateg\u00f3ri\u00e1s irodah\u00e1z \u00e9p\u00fcl Debrecenben","datePublished":"2018-02-11T23:53:08+00:00","dateModified":"2018-04-05T20:54:49+00:00","mainEntityOfPage":{"@id":"https:\/\/forestcenter.hu\/en\/uj-a-kategorias-irodahaz-epul-debrecenben\/"},"wordCount":588,"publisher":{"@id":"https:\/\/forestcenter.hu\/#organization"},"image":{"@id":"https:\/\/forestcenter.hu\/en\/uj-a-kategorias-irodahaz-epul-debrecenben\/#primaryimage"},"thumbnailUrl":"https:\/\/forestcenter.hu\/wp-content\/uploads\/2018\/03\/c2.jpg","articleSection":["M\u00e9dia megjelen\u00e9sek"],"inLanguage":"en-GB"},{"@type":"WebPage","@id":"https:\/\/forestcenter.hu\/en\/uj-a-kategorias-irodahaz-epul-debrecenben\/","url":"https:\/\/forestcenter.hu\/en\/uj-a-kategorias-irodahaz-epul-debrecenben\/","name":"\u00daj, A kateg\u00f3ri\u00e1s irodah\u00e1z \u00e9p\u00fcl Debrecenben - Forest Center Debrecen","isPartOf":{"@id":"https:\/\/forestcenter.hu\/#website"},"primaryImageOfPage":{"@id":"https:\/\/forestcenter.hu\/en\/uj-a-kategorias-irodahaz-epul-debrecenben\/#primaryimage"},"image":{"@id":"https:\/\/forestcenter.hu\/en\/uj-a-kategorias-irodahaz-epul-debrecenben\/#primaryimage"},"thumbnailUrl":"https:\/\/forestcenter.hu\/wp-content\/uploads\/2018\/03\/c2.jpg","datePublished":"2018-02-11T23:53:08+00:00","dateModified":"2018-04-05T20:54:49+00:00","breadcrumb":{"@id":"https:\/\/forestcenter.hu\/en\/uj-a-kategorias-irodahaz-epul-debrecenben\/#breadcrumb"},"inLanguage":"en-GB","potentialAction":[{"@type":"ReadAction","target":["https:\/\/forestcenter.hu\/en\/uj-a-kategorias-irodahaz-epul-debrecenben\/"]}]},{"@type":"ImageObject","inLanguage":"en-GB","@id":"https:\/\/forestcenter.hu\/en\/uj-a-kategorias-irodahaz-epul-debrecenben\/#primaryimage","url":"https:\/\/forestcenter.hu\/wp-content\/uploads\/2018\/03\/c2.jpg","contentUrl":"https:\/\/forestcenter.hu\/wp-content\/uploads\/2018\/03\/c2.jpg","width":960,"height":640},{"@type":"BreadcrumbList","@id":"https:\/\/forestcenter.hu\/en\/uj-a-kategorias-irodahaz-epul-debrecenben\/#breadcrumb","itemListElement":[{"@type":"ListItem","position":1,"name":"Home","item":"https:\/\/forestcenter.hu\/"},{"@type":"ListItem","position":2,"name":"\u00daj, A kateg\u00f3ri\u00e1s irodah\u00e1z \u00e9p\u00fcl Debrecenben"}]},{"@type":"WebSite","@id":"https:\/\/forestcenter.hu\/#website","url":"https:\/\/forestcenter.hu\/","name":"Forest Center Debrecen","description":"[:hu]Az A kateg\u00f3ri\u00e1s Forest Center Debrecen irodah\u00e1z modern megjelen\u00e9s\u00e9vel \u00e9s m\u0171szaki tartalm\u00e1val Debrecen \u00faj \u00fczleti k\u00f6zpontj\u00e1nak meghat\u00e1roz\u00f3 szerepl\u0151je lesz.[:en]A category office building with Leed Gold Certification will have an extravagant image with state of the art technical specification.[:]","publisher":{"@id":"https:\/\/forestcenter.hu\/#organization"},"potentialAction":[{"@type":"SearchAction","target":{"@type":"EntryPoint","urlTemplate":"https:\/\/forestcenter.hu\/?s={search_term_string}"},"query-input":{"@type":"PropertyValueSpecification","valueRequired":true,"valueName":"search_term_string"}}],"inLanguage":"en-GB"},{"@type":"Organization","@id":"https:\/\/forestcenter.hu\/#organization","name":"Forest Center Debrecen","alternateName":"Forest Center","url":"https:\/\/forestcenter.hu\/","logo":{"@type":"ImageObject","inLanguage":"en-GB","@id":"https:\/\/forestcenter.hu\/#\/schema\/logo\/image\/","url":"https:\/\/forestcenter.hu\/wp-content\/uploads\/2018\/03\/forest-logo220X132.png","contentUrl":"https:\/\/forestcenter.hu\/wp-content\/uploads\/2018\/03\/forest-logo220X132.png","width":220,"height":132,"caption":"Forest Center Debrecen"},"image":{"@id":"https:\/\/forestcenter.hu\/#\/schema\/logo\/image\/"},"sameAs":["https:\/\/www.facebook.com\/profile.php?id=61565596522416","https:\/\/www.linkedin.com\/company\/ud-forest-center\/"],"description":"UD Forest Center Kft. 4028 Debrecen, T\u00fcz\u00e9r utca 4.","email":"info@udforest.hu","telephone":"+36 30 379 7512","legalName":"UD Forest Center Kft.","taxID":"32194977-2-09","numberOfEmployees":{"@type":"QuantitativeValue","minValue":"11","maxValue":"50"}},{"@type":"Person","@id":"https:\/\/forestcenter.hu\/#\/schema\/person\/a5fe75787feea7d2f58ce873df28af2c","name":"forestcenter","url":"https:\/\/forestcenter.hu\/en\/author\/forestcenter\/"}]}},"_links":{"self":[{"href":"https:\/\/forestcenter.hu\/en\/wp-json\/wp\/v2\/posts\/3477","targetHints":{"allow":["GET"]}}],"collection":[{"href":"https:\/\/forestcenter.hu\/en\/wp-json\/wp\/v2\/posts"}],"about":[{"href":"https:\/\/forestcenter.hu\/en\/wp-json\/wp\/v2\/types\/post"}],"author":[{"embeddable":true,"href":"https:\/\/forestcenter.hu\/en\/wp-json\/wp\/v2\/users\/1"}],"replies":[{"embeddable":true,"href":"https:\/\/forestcenter.hu\/en\/wp-json\/wp\/v2\/comments?post=3477"}],"version-history":[{"count":0,"href":"https:\/\/forestcenter.hu\/en\/wp-json\/wp\/v2\/posts\/3477\/revisions"}],"wp:featuredmedia":[{"embeddable":true,"href":"https:\/\/forestcenter.hu\/en\/wp-json\/wp\/v2\/media\/3320"}],"wp:attachment":[{"href":"https:\/\/forestcenter.hu\/en\/wp-json\/wp\/v2\/media?parent=3477"}],"wp:term":[{"taxonomy":"category","embeddable":true,"href":"https:\/\/forestcenter.hu\/en\/wp-json\/wp\/v2\/categories?post=3477"},{"taxonomy":"post_tag","embeddable":true,"href":"https:\/\/forestcenter.hu\/en\/wp-json\/wp\/v2\/tags?post=3477"}],"curies":[{"name":"wp","href":"https:\/\/api.w.org\/{rel}","templated":true}]}}