{"id":3444,"date":"2018-03-11T21:23:25","date_gmt":"2018-03-11T21:23:25","guid":{"rendered":"http:\/\/forestoffices.hu\/?p=3444"},"modified":"2018-04-05T20:54:35","modified_gmt":"2018-04-05T20:54:35","slug":"palyazati-felhivas","status":"publish","type":"post","link":"https:\/\/forestcenter.hu\/en\/palyazati-felhivas\/","title":{"rendered":"P\u00e1ly\u00e1zati felh\u00edv\u00e1s"},"content":{"rendered":"<div class=\"wpb-content-wrapper\"><div class=\"vc_row wpb_row vc_row-fluid\"><div class=\"wpb_column vc_column_container vc_col-sm-12\"><div class=\"vc_column-inner\"><div class=\"wpb_wrapper\"><div class=\"mgt-header-block clearfix text-left text-black wpb_content_element  mgt-header-block-style-1 mgt-header-texttransform-header\"><h2 class=\"mgt-header-block-title\">P\u00e1ly\u00e1zati felh\u00edv\u00e1s Ingatlankezel\u00e9si \u00e9s l\u00e9tes\u00edtm\u00e9nygazd\u00e1lkod\u00e1si szolg\u00e1ltat\u00e1sokra<\/h2><div class=\"mgt-header-line\"><\/div><\/div>\n\t<div class=\"wpb_text_column wpb_content_element\" >\n\t\t<div class=\"wpb_wrapper\">\n\t\t\t<p>Debrecen &#8211; A\u00a0<b>Forest Offices Debrecen Kft.<\/b>\u00a0(4025 Debrecen, Piac u.77. II. em. 2.) ny\u00edlt\u00a0<b>p\u00e1ly\u00e1zatot hirdet<\/b>\u00a0a Forest Offices Debrecen irodah\u00e1z teljesk\u00f6r\u0171 ingatlankezel\u00e9si \u00e9s l\u00e9tes\u00edtm\u00e9nygazd\u00e1lkod\u00e1si szolg\u00e1ltat\u00e1saira. <!--more-->Az aj\u00e1nlatt\u00e9tel felt\u00e9tele, hogy az Aj\u00e1nlattev\u0151 legk\u00e9s\u0151bb a p\u00e1ly\u00e1zat lead\u00e1si hat\u00e1ridej\u00e9t megel\u0151z\u0151 20. munkanapig a r\u00e9szv\u00e9teli sz\u00e1nd\u00e9k\u00e1t az\u00a0<a href=\"mailto:ertekesites@forestoffices.hu\">ertekesites@forestoffices.hu<\/a>\u00a0e-mail c\u00edmen jelezze.<b>\u00a0A p\u00e1ly\u00e1zat lead\u00e1si hat\u00e1rideje: 2018. \u00e1prilis 17. 12 \u00f3ra, 00 perc<\/b><\/p>\n<p>Az Aj\u00e1nlatk\u00e9r\u0151 az ig\u00e9ny be\u00e9rkez\u00e9s\u00e9t k\u00f6vet\u0151en a P\u00e1ly\u00e1zati felh\u00edv\u00e1st t\u00e9r\u00edt\u00e9s n\u00e9lk\u00fcl az Aj\u00e1nlattev\u0151k rendelkez\u00e9s\u00e9re bocs\u00e1jtja.<\/p>\n\n\t\t<\/div>\n\t<\/div>\n<\/div><\/div><\/div><\/div>\n<\/div>","protected":false},"excerpt":{"rendered":"<p>&#8230;<\/p>","protected":false},"author":1,"featured_media":3272,"comment_status":"closed","ping_status":"closed","sticky":false,"template":"","format":"standard","meta":{"footnotes":""},"categories":[62],"tags":[],"class_list":["post-3444","post","type-post","status-publish","format-standard","has-post-thumbnail","hentry","category-kozlemenyek"],"yoast_head":"<!-- This site is optimized with the Yoast SEO Premium plugin v27.4 (Yoast SEO v27.4) - https:\/\/yoast.com\/product\/yoast-seo-premium-wordpress\/ -->\n<title>P\u00e1ly\u00e1zati felh\u00edv\u00e1s - Forest Center Debrecen<\/title>\n<meta name=\"robots\" content=\"index, follow, max-snippet:-1, max-image-preview:large, max-video-preview:-1\" \/>\n<link rel=\"canonical\" href=\"https:\/\/forestcenter.hu\/en\/palyazati-felhivas\/\" \/>\n<meta property=\"og:locale\" content=\"en_GB\" \/>\n<meta property=\"og:type\" content=\"article\" \/>\n<meta property=\"og:title\" content=\"P\u00e1ly\u00e1zati felh\u00edv\u00e1s\" \/>\n<meta property=\"og:description\" content=\"...\" \/>\n<meta property=\"og:url\" content=\"https:\/\/forestcenter.hu\/en\/palyazati-felhivas\/\" \/>\n<meta property=\"og:site_name\" content=\"Forest Center Debrecen\" \/>\n<meta property=\"article:publisher\" content=\"https:\/\/www.facebook.com\/profile.php?id=61565596522416\" \/>\n<meta property=\"article:published_time\" content=\"2018-03-11T21:23:25+00:00\" \/>\n<meta property=\"article:modified_time\" content=\"2018-04-05T20:54:35+00:00\" \/>\n<meta property=\"og:image\" content=\"https:\/\/forestcenter.hu\/wp-content\/uploads\/2018\/03\/slider2.jpg\" \/>\n\t<meta property=\"og:image:width\" content=\"1920\" \/>\n\t<meta property=\"og:image:height\" content=\"1080\" \/>\n\t<meta property=\"og:image:type\" content=\"image\/jpeg\" \/>\n<meta name=\"author\" content=\"forestcenter\" \/>\n<meta name=\"twitter:card\" content=\"summary_large_image\" \/>\n<meta name=\"twitter:label1\" content=\"Written by\" \/>\n\t<meta name=\"twitter:data1\" content=\"forestcenter\" \/>\n\t<meta name=\"twitter:label2\" content=\"Estimated reading time\" \/>\n\t<meta name=\"twitter:data2\" content=\"1 minute\" \/>\n<script type=\"application\/ld+json\" class=\"yoast-schema-graph\">{\"@context\":\"https:\\\/\\\/schema.org\",\"@graph\":[{\"@type\":\"Article\",\"@id\":\"https:\\\/\\\/forestcenter.hu\\\/en\\\/palyazati-felhivas\\\/#article\",\"isPartOf\":{\"@id\":\"https:\\\/\\\/forestcenter.hu\\\/en\\\/palyazati-felhivas\\\/\"},\"author\":{\"name\":\"forestcenter\",\"@id\":\"https:\\\/\\\/forestcenter.hu\\\/#\\\/schema\\\/person\\\/a5fe75787feea7d2f58ce873df28af2c\"},\"headline\":\"P\u00e1ly\u00e1zati felh\u00edv\u00e1s\",\"datePublished\":\"2018-03-11T21:23:25+00:00\",\"dateModified\":\"2018-04-05T20:54:35+00:00\",\"mainEntityOfPage\":{\"@id\":\"https:\\\/\\\/forestcenter.hu\\\/en\\\/palyazati-felhivas\\\/\"},\"wordCount\":170,\"publisher\":{\"@id\":\"https:\\\/\\\/forestcenter.hu\\\/#organization\"},\"image\":{\"@id\":\"https:\\\/\\\/forestcenter.hu\\\/en\\\/palyazati-felhivas\\\/#primaryimage\"},\"thumbnailUrl\":\"https:\\\/\\\/forestcenter.hu\\\/wp-content\\\/uploads\\\/2018\\\/03\\\/slider2.jpg\",\"articleSection\":[\"K\u00f6zlem\u00e9nyek\"],\"inLanguage\":\"en-GB\"},{\"@type\":\"WebPage\",\"@id\":\"https:\\\/\\\/forestcenter.hu\\\/en\\\/palyazati-felhivas\\\/\",\"url\":\"https:\\\/\\\/forestcenter.hu\\\/en\\\/palyazati-felhivas\\\/\",\"name\":\"P\u00e1ly\u00e1zati felh\u00edv\u00e1s - Forest Center Debrecen\",\"isPartOf\":{\"@id\":\"https:\\\/\\\/forestcenter.hu\\\/#website\"},\"primaryImageOfPage\":{\"@id\":\"https:\\\/\\\/forestcenter.hu\\\/en\\\/palyazati-felhivas\\\/#primaryimage\"},\"image\":{\"@id\":\"https:\\\/\\\/forestcenter.hu\\\/en\\\/palyazati-felhivas\\\/#primaryimage\"},\"thumbnailUrl\":\"https:\\\/\\\/forestcenter.hu\\\/wp-content\\\/uploads\\\/2018\\\/03\\\/slider2.jpg\",\"datePublished\":\"2018-03-11T21:23:25+00:00\",\"dateModified\":\"2018-04-05T20:54:35+00:00\",\"breadcrumb\":{\"@id\":\"https:\\\/\\\/forestcenter.hu\\\/en\\\/palyazati-felhivas\\\/#breadcrumb\"},\"inLanguage\":\"en-GB\",\"potentialAction\":[{\"@type\":\"ReadAction\",\"target\":[\"https:\\\/\\\/forestcenter.hu\\\/en\\\/palyazati-felhivas\\\/\"]}]},{\"@type\":\"ImageObject\",\"inLanguage\":\"en-GB\",\"@id\":\"https:\\\/\\\/forestcenter.hu\\\/en\\\/palyazati-felhivas\\\/#primaryimage\",\"url\":\"https:\\\/\\\/forestcenter.hu\\\/wp-content\\\/uploads\\\/2018\\\/03\\\/slider2.jpg\",\"contentUrl\":\"https:\\\/\\\/forestcenter.hu\\\/wp-content\\\/uploads\\\/2018\\\/03\\\/slider2.jpg\",\"width\":1920,\"height\":1080},{\"@type\":\"BreadcrumbList\",\"@id\":\"https:\\\/\\\/forestcenter.hu\\\/en\\\/palyazati-felhivas\\\/#breadcrumb\",\"itemListElement\":[{\"@type\":\"ListItem\",\"position\":1,\"name\":\"Home\",\"item\":\"https:\\\/\\\/forestcenter.hu\\\/\"},{\"@type\":\"ListItem\",\"position\":2,\"name\":\"P\u00e1ly\u00e1zati felh\u00edv\u00e1s\"}]},{\"@type\":\"WebSite\",\"@id\":\"https:\\\/\\\/forestcenter.hu\\\/#website\",\"url\":\"https:\\\/\\\/forestcenter.hu\\\/\",\"name\":\"Forest Center Debrecen\",\"description\":\"[:hu]Az A kateg\u00f3ri\u00e1s Forest Center Debrecen irodah\u00e1z modern megjelen\u00e9s\u00e9vel \u00e9s m\u0171szaki tartalm\u00e1val Debrecen \u00faj \u00fczleti k\u00f6zpontj\u00e1nak meghat\u00e1roz\u00f3 szerepl\u0151je lesz.[:en]A category office building with Leed Gold Certification will have an extravagant image with state of the art technical specification.[:]\",\"publisher\":{\"@id\":\"https:\\\/\\\/forestcenter.hu\\\/#organization\"},\"potentialAction\":[{\"@type\":\"SearchAction\",\"target\":{\"@type\":\"EntryPoint\",\"urlTemplate\":\"https:\\\/\\\/forestcenter.hu\\\/?s={search_term_string}\"},\"query-input\":{\"@type\":\"PropertyValueSpecification\",\"valueRequired\":true,\"valueName\":\"search_term_string\"}}],\"inLanguage\":\"en-GB\"},{\"@type\":\"Organization\",\"@id\":\"https:\\\/\\\/forestcenter.hu\\\/#organization\",\"name\":\"Forest Center Debrecen\",\"alternateName\":\"Forest Center\",\"url\":\"https:\\\/\\\/forestcenter.hu\\\/\",\"logo\":{\"@type\":\"ImageObject\",\"inLanguage\":\"en-GB\",\"@id\":\"https:\\\/\\\/forestcenter.hu\\\/#\\\/schema\\\/logo\\\/image\\\/\",\"url\":\"https:\\\/\\\/forestcenter.hu\\\/wp-content\\\/uploads\\\/2018\\\/03\\\/forest-logo220X132.png\",\"contentUrl\":\"https:\\\/\\\/forestcenter.hu\\\/wp-content\\\/uploads\\\/2018\\\/03\\\/forest-logo220X132.png\",\"width\":220,\"height\":132,\"caption\":\"Forest Center Debrecen\"},\"image\":{\"@id\":\"https:\\\/\\\/forestcenter.hu\\\/#\\\/schema\\\/logo\\\/image\\\/\"},\"sameAs\":[\"https:\\\/\\\/www.facebook.com\\\/profile.php?id=61565596522416\",\"https:\\\/\\\/www.linkedin.com\\\/company\\\/ud-forest-center\\\/\"],\"description\":\"UD Forest Center Kft. 4028 Debrecen, T\u00fcz\u00e9r utca 4.\",\"email\":\"info@udforest.hu\",\"telephone\":\"+36 30 379 7512\",\"legalName\":\"UD Forest Center Kft.\",\"taxID\":\"32194977-2-09\",\"numberOfEmployees\":{\"@type\":\"QuantitativeValue\",\"minValue\":\"11\",\"maxValue\":\"50\"}},{\"@type\":\"Person\",\"@id\":\"https:\\\/\\\/forestcenter.hu\\\/#\\\/schema\\\/person\\\/a5fe75787feea7d2f58ce873df28af2c\",\"name\":\"forestcenter\",\"url\":\"https:\\\/\\\/forestcenter.hu\\\/en\\\/author\\\/forestcenter\\\/\"}]}<\/script>\n<!-- \/ Yoast SEO Premium plugin. -->","yoast_head_json":{"title":"P\u00e1ly\u00e1zati felh\u00edv\u00e1s - Forest Center Debrecen","robots":{"index":"index","follow":"follow","max-snippet":"max-snippet:-1","max-image-preview":"max-image-preview:large","max-video-preview":"max-video-preview:-1"},"canonical":"https:\/\/forestcenter.hu\/en\/palyazati-felhivas\/","og_locale":"en_GB","og_type":"article","og_title":"P\u00e1ly\u00e1zati felh\u00edv\u00e1s","og_description":"...","og_url":"https:\/\/forestcenter.hu\/en\/palyazati-felhivas\/","og_site_name":"Forest Center Debrecen","article_publisher":"https:\/\/www.facebook.com\/profile.php?id=61565596522416","article_published_time":"2018-03-11T21:23:25+00:00","article_modified_time":"2018-04-05T20:54:35+00:00","og_image":[{"width":1920,"height":1080,"url":"https:\/\/forestcenter.hu\/wp-content\/uploads\/2018\/03\/slider2.jpg","type":"image\/jpeg"}],"author":"forestcenter","twitter_card":"summary_large_image","twitter_misc":{"Written by":"forestcenter","Estimated reading time":"1 minute"},"schema":{"@context":"https:\/\/schema.org","@graph":[{"@type":"Article","@id":"https:\/\/forestcenter.hu\/en\/palyazati-felhivas\/#article","isPartOf":{"@id":"https:\/\/forestcenter.hu\/en\/palyazati-felhivas\/"},"author":{"name":"forestcenter","@id":"https:\/\/forestcenter.hu\/#\/schema\/person\/a5fe75787feea7d2f58ce873df28af2c"},"headline":"P\u00e1ly\u00e1zati felh\u00edv\u00e1s","datePublished":"2018-03-11T21:23:25+00:00","dateModified":"2018-04-05T20:54:35+00:00","mainEntityOfPage":{"@id":"https:\/\/forestcenter.hu\/en\/palyazati-felhivas\/"},"wordCount":170,"publisher":{"@id":"https:\/\/forestcenter.hu\/#organization"},"image":{"@id":"https:\/\/forestcenter.hu\/en\/palyazati-felhivas\/#primaryimage"},"thumbnailUrl":"https:\/\/forestcenter.hu\/wp-content\/uploads\/2018\/03\/slider2.jpg","articleSection":["K\u00f6zlem\u00e9nyek"],"inLanguage":"en-GB"},{"@type":"WebPage","@id":"https:\/\/forestcenter.hu\/en\/palyazati-felhivas\/","url":"https:\/\/forestcenter.hu\/en\/palyazati-felhivas\/","name":"P\u00e1ly\u00e1zati felh\u00edv\u00e1s - Forest Center Debrecen","isPartOf":{"@id":"https:\/\/forestcenter.hu\/#website"},"primaryImageOfPage":{"@id":"https:\/\/forestcenter.hu\/en\/palyazati-felhivas\/#primaryimage"},"image":{"@id":"https:\/\/forestcenter.hu\/en\/palyazati-felhivas\/#primaryimage"},"thumbnailUrl":"https:\/\/forestcenter.hu\/wp-content\/uploads\/2018\/03\/slider2.jpg","datePublished":"2018-03-11T21:23:25+00:00","dateModified":"2018-04-05T20:54:35+00:00","breadcrumb":{"@id":"https:\/\/forestcenter.hu\/en\/palyazati-felhivas\/#breadcrumb"},"inLanguage":"en-GB","potentialAction":[{"@type":"ReadAction","target":["https:\/\/forestcenter.hu\/en\/palyazati-felhivas\/"]}]},{"@type":"ImageObject","inLanguage":"en-GB","@id":"https:\/\/forestcenter.hu\/en\/palyazati-felhivas\/#primaryimage","url":"https:\/\/forestcenter.hu\/wp-content\/uploads\/2018\/03\/slider2.jpg","contentUrl":"https:\/\/forestcenter.hu\/wp-content\/uploads\/2018\/03\/slider2.jpg","width":1920,"height":1080},{"@type":"BreadcrumbList","@id":"https:\/\/forestcenter.hu\/en\/palyazati-felhivas\/#breadcrumb","itemListElement":[{"@type":"ListItem","position":1,"name":"Home","item":"https:\/\/forestcenter.hu\/"},{"@type":"ListItem","position":2,"name":"P\u00e1ly\u00e1zati felh\u00edv\u00e1s"}]},{"@type":"WebSite","@id":"https:\/\/forestcenter.hu\/#website","url":"https:\/\/forestcenter.hu\/","name":"Forest Center Debrecen","description":"[:hu]Az A kateg\u00f3ri\u00e1s Forest Center Debrecen irodah\u00e1z modern megjelen\u00e9s\u00e9vel \u00e9s m\u0171szaki tartalm\u00e1val Debrecen \u00faj \u00fczleti k\u00f6zpontj\u00e1nak meghat\u00e1roz\u00f3 szerepl\u0151je lesz.[:en]A category office building with Leed Gold Certification will have an extravagant image with state of the art technical specification.[:]","publisher":{"@id":"https:\/\/forestcenter.hu\/#organization"},"potentialAction":[{"@type":"SearchAction","target":{"@type":"EntryPoint","urlTemplate":"https:\/\/forestcenter.hu\/?s={search_term_string}"},"query-input":{"@type":"PropertyValueSpecification","valueRequired":true,"valueName":"search_term_string"}}],"inLanguage":"en-GB"},{"@type":"Organization","@id":"https:\/\/forestcenter.hu\/#organization","name":"Forest Center Debrecen","alternateName":"Forest Center","url":"https:\/\/forestcenter.hu\/","logo":{"@type":"ImageObject","inLanguage":"en-GB","@id":"https:\/\/forestcenter.hu\/#\/schema\/logo\/image\/","url":"https:\/\/forestcenter.hu\/wp-content\/uploads\/2018\/03\/forest-logo220X132.png","contentUrl":"https:\/\/forestcenter.hu\/wp-content\/uploads\/2018\/03\/forest-logo220X132.png","width":220,"height":132,"caption":"Forest Center Debrecen"},"image":{"@id":"https:\/\/forestcenter.hu\/#\/schema\/logo\/image\/"},"sameAs":["https:\/\/www.facebook.com\/profile.php?id=61565596522416","https:\/\/www.linkedin.com\/company\/ud-forest-center\/"],"description":"UD Forest Center Kft. 4028 Debrecen, T\u00fcz\u00e9r utca 4.","email":"info@udforest.hu","telephone":"+36 30 379 7512","legalName":"UD Forest Center Kft.","taxID":"32194977-2-09","numberOfEmployees":{"@type":"QuantitativeValue","minValue":"11","maxValue":"50"}},{"@type":"Person","@id":"https:\/\/forestcenter.hu\/#\/schema\/person\/a5fe75787feea7d2f58ce873df28af2c","name":"forestcenter","url":"https:\/\/forestcenter.hu\/en\/author\/forestcenter\/"}]}},"_links":{"self":[{"href":"https:\/\/forestcenter.hu\/en\/wp-json\/wp\/v2\/posts\/3444","targetHints":{"allow":["GET"]}}],"collection":[{"href":"https:\/\/forestcenter.hu\/en\/wp-json\/wp\/v2\/posts"}],"about":[{"href":"https:\/\/forestcenter.hu\/en\/wp-json\/wp\/v2\/types\/post"}],"author":[{"embeddable":true,"href":"https:\/\/forestcenter.hu\/en\/wp-json\/wp\/v2\/users\/1"}],"replies":[{"embeddable":true,"href":"https:\/\/forestcenter.hu\/en\/wp-json\/wp\/v2\/comments?post=3444"}],"version-history":[{"count":0,"href":"https:\/\/forestcenter.hu\/en\/wp-json\/wp\/v2\/posts\/3444\/revisions"}],"wp:featuredmedia":[{"embeddable":true,"href":"https:\/\/forestcenter.hu\/en\/wp-json\/wp\/v2\/media\/3272"}],"wp:attachment":[{"href":"https:\/\/forestcenter.hu\/en\/wp-json\/wp\/v2\/media?parent=3444"}],"wp:term":[{"taxonomy":"category","embeddable":true,"href":"https:\/\/forestcenter.hu\/en\/wp-json\/wp\/v2\/categories?post=3444"},{"taxonomy":"post_tag","embeddable":true,"href":"https:\/\/forestcenter.hu\/en\/wp-json\/wp\/v2\/tags?post=3444"}],"curies":[{"name":"wp","href":"https:\/\/api.w.org\/{rel}","templated":true}]}}